{"id":1609,"date":"2019-09-30T21:36:32","date_gmt":"2019-09-30T19:36:32","guid":{"rendered":"https:\/\/www.wggselb.de\/wp\/?p=1609"},"modified":"2019-09-30T21:37:03","modified_gmt":"2019-09-30T19:37:03","slug":"kennenlernnachmittag-fuer-die-fuenftklaessler","status":"publish","type":"post","link":"https:\/\/www.wggselb.de\/wp\/kennenlernnachmittag-fuer-die-fuenftklaessler\/","title":{"rendered":"Kennenlernnachmittag f\u00fcr die F\u00fcnftkl\u00e4ssler"},"content":{"rendered":"\n<p>Am 25. September fand der Kennenlernnachmittag f\u00fcr die F\u00fcnftkl\u00e4ssler statt. Er begann mit einem gemeinsamen Imbiss im Atrium der Schule, anschlie\u00dfend gingen die F\u00fcnftkl\u00e4ssler mit den Tutoren in Klassenzimmer, wo sie flei\u00dfig bastelten und die W\u00e4nde dekorierten, um sich vorzustellen. B\u00e4ume, Wolken und viele H\u00e4nde schm\u00fccken seitdem die W\u00e4nde, die Eltern konnten noch am gleichen Tag die Ergebnisse beim Elternsprechabend der 5. Klassen bewundern.<\/p>\n\n\n\n<p style=\"text-align:right\"><em>OStR Jens K\u00f6nig<\/em><\/p>\n\n\n\t\n    \n        <style>\n\t    #lbsp_1605 .lbsp_home_portfolio_caption h3,.lb-data .lb-caption\n\t    {\n\t    \tfont-family:sans; \/\/ real name pass here\n\t    }\n\t    #lbsp_1605 .lbsp_home_portfolio_caption h3,.lb-data .lb-caption{\n\t        font-family:sans; \/\/ real name pass here\n\t    }\n\n\t    #lbsp_1605 .b-link-fade .b-wrapper,#lbsp_1605 .b-link-fade .b-top-line{\n\t        background: rgba(29, 112, 183, 0.5);\n\t    }\n\t    #lbsp_1605 .b-link-flow .b-wrapper,#lbsp_1605 .b-link-flow .b-top-line{\n\t        background: rgba(29, 112, 183, 0.5);\n\t    }\n\t    #lbsp_1605 .b-link-stroke .b-top-line{\n\t        background: rgba(29, 112, 183, 0.5);\n\t    }\n\t    #lbsp_1605 .b-link-stroke .b-bottom-line{\n\t        background: rgba(29, 112, 183, 0.5);\n\t    }\n\n\t    #lbsp_1605 .b-link-box .b-top-line{\n\n\t        border: 16px solid rgba(29, 112, 183, 0.5);\n\t    }\n\t    #lbsp_1605 .b-link-box .b-bottom-line{\n\t        background: rgba(29, 112, 183, 0.5);\n\t    }\n\t    #lbsp_1605 .b-link-stripe .b-line{\n\t        background: rgba(29, 112, 183, 0.5);\n\t    }\n\t    #lbsp_1605 .b-link-apart-horisontal .b-top-line,#lbsp_1605 .b-link-apart-horisontal .b-top-line-up{\n\t        background: rgba(29, 112, 183, 0.5);\n\n\t    }\n\t    #lbsp_1605 .b-link-apart-horisontal .b-bottom-line,#lbsp_1605 .b-link-apart-horisontal .b-bottom-line-up{\n\t        background: rgba(29, 112, 183, 0.5);\n\t    }\n\t    #lbsp_1605 .b-link-apart-vertical .b-top-line,#lbsp_1605 .b-link-apart-vertical .b-top-line-up{\n\t        background: rgba(29, 112, 183, 0.5);\n\t    }\n\t    #lbsp_1605 .b-link-apart-vertical .b-bottom-line,#lbsp_1605 .b-link-apart-vertical .b-bottom-line-up{\n\t        background: rgba(29, 112, 183, 0.5);\n\t    }\n\t    #lbsp_1605 .b-link-diagonal .b-line{\n\t        background: rgba(29, 112, 183, 0.5);\n\t    }\n\n\t    #lbsp_1605 .b-wrapper{\n\t        font-family:sans; \/\/ real name pass here\n\t    }\n\t    #lbsp_1605 .b-wrapper{\n\t        font-family:sans; \/\/ real name pass here\n\t    }\n\t\t@media (min-width: 992px){\n\t\t\t#lbsp_1605 .col-md-6 {\n\t\t\t\twidth: 49.97% !important;\n\t\t\t}\n\t\t\t#lbsp_1605 .col-md-4 {\n\t\t\t\twidth: 33.30% !important;\n\t\t\t}\n\t\t\t#lbsp_1605 .col-md-3 {\n\t\t\t\twidth: 24.90% !important;\n\t\t\t}\n\t\t\t#lbsp_1605 .col-md-2 {\n\t\t\t\twidth: 16.60% !important;\n\t\t\t}\n\t\t}\n\t\t#lbsp_1605 .lbsp_home_portfolio_caption{\n\t\t\tbackground:#FFFFFF;\n\t\t}\n\t\t#lbsp_1605 .lbsp_home_portfolio_caption h3{\n\t\t\tcolor:#000000;\n\t\t}\n\t\t\t\t#lbsp_1605 i.fas.fa-camera {\n\t\t\tcolor:#FFFFFF!important;\n\t\t}\n\t\t\t\t#lbsp_1605 .img-box-shadow{\n\t\t\tbox-shadow: 0 0 6px rgba(0,0,0,.7);\n\t\t}\n\t\t\t\t.fnf{\n\t\t\tbackground-color: #ff000091;\n\t\t\tborder-radius: 5px;\n\t\t\tcolor: #fff;\n\t\t\tfont-family: initial;\n\t\t\ttext-align: center;\n\t\t\tpadding:4px;\n\t\t}\n\t\t    <\/style>\n\n    \n    <div  class=\"gal-container \" id=\"lbsp_1605\">\n\t\t\t\t\t<!--get the post id-->\n\t\t\t\t\t\t\t\t\t<div style=\"display:block;float:left\">\n\t\t\t\n\t\t\t\t<!--Gallery Title-->\n\t\t\t\t\t\t\t\t\n\t\t\t\t<div class=\"\">\n\t\t\t\t\t\t\t\t\t\t\t\t<div class=\"col-md-6 col-sm-6 wl-gallery\" >\n\t\t\t\t\t\t\t\t<div class=\"img-box-shadow\">\n\t\t\t\t\t\t\t\t\t\t\t\t\t\t\t\t\t\t\t<a title=\"Klasse 5a\" class=\"fancybox_1605\" data-fancybox-group=\"gallery\"  href=\"https:\/\/www.wggselb.de\/wp\/wp-content\/uploads\/2019\/09\/2019-09-25-kennenlernnachmittag-teil1.jpg\" style=\"color:#FFFFFF;\">\n\t\t\t\t\t\t\t\t\t\t\t\t<img decoding=\"async\" src=\"https:\/\/www.wggselb.de\/wp\/wp-content\/uploads\/2019\/09\/2019-09-25-kennenlernnachmittag-teil1-500x500.jpg\" class=\"gall-img-responsive\" style=\"display:none !important; visibility:hidden\" alt=\"Klasse 5a\">\n\t\t\t\t\t\t\t\t\t\t\t\t<div class=\"b-link-apart-horisontal b-animate-go\">\n\t\t\t\t\t\t\t\t\t\t\t\t\t<img decoding=\"async\" src=\"https:\/\/www.wggselb.de\/wp\/wp-content\/uploads\/2019\/09\/2019-09-25-kennenlernnachmittag-teil1-500x500.jpg\" class=\"gall-img-responsive\" alt=\"Klasse 5a\">\n\t\t\t\t\t\t\t\t\t\t\t\t<\/div>\n\t\t\t\t\t\t\t\t\t\t\t<\/a>\n\t\t\t\t\t\t\t\t\t\t\t\t\t\t\t\t\t\t\t\t\n\t\t\t\t\t\t\t\t\t\t\t\t\t\t\t\t\t\t<!--Gallery Label-->\n\t\t\t\t\t\t\t\t\t\t\t\t\t\t\t\t\t\t<div class=\"lbsp_home_portfolio_caption\">\n\t\t\t\t\t\t\t\t\t\t\t\n\t\t\t\t\t\t\t\t\t\t\t<h3>Klasse 5a<\/h3>\n\t\t\t\t\t\t\t\t\t\t\t\n\t\t\t\t\t\t\t\t\t<\/div>\n\t\t\t\t\t\t\t\t\t\t\t\t\t\t\t\t\t<\/div>\n\t\t\t\t\t\t\t<\/div>\n\t\t\t\t\t\t\t\t\t\t\t\t\t\t<div class=\"col-md-6 col-sm-6 wl-gallery\" >\n\t\t\t\t\t\t\t\t<div class=\"img-box-shadow\">\n\t\t\t\t\t\t\t\t\t\t\t\t\t\t\t\t\t\t\t<a title=\"Klasse 5b\" class=\"fancybox_1605\" data-fancybox-group=\"gallery\"  href=\"https:\/\/www.wggselb.de\/wp\/wp-content\/uploads\/2019\/09\/2019-09-25-kennenlernnachmittag-teil3.jpg\" style=\"color:#FFFFFF;\">\n\t\t\t\t\t\t\t\t\t\t\t\t<img decoding=\"async\" src=\"https:\/\/www.wggselb.de\/wp\/wp-content\/uploads\/2019\/09\/2019-09-25-kennenlernnachmittag-teil3-500x500.jpg\" class=\"gall-img-responsive\" style=\"display:none !important; visibility:hidden\" alt=\"Klasse 5b\">\n\t\t\t\t\t\t\t\t\t\t\t\t<div class=\"b-link-apart-horisontal b-animate-go\">\n\t\t\t\t\t\t\t\t\t\t\t\t\t<img decoding=\"async\" src=\"https:\/\/www.wggselb.de\/wp\/wp-content\/uploads\/2019\/09\/2019-09-25-kennenlernnachmittag-teil3-500x500.jpg\" class=\"gall-img-responsive\" alt=\"Klasse 5b\">\n\t\t\t\t\t\t\t\t\t\t\t\t<\/div>\n\t\t\t\t\t\t\t\t\t\t\t<\/a>\n\t\t\t\t\t\t\t\t\t\t\t\t\t\t\t\t\t\t\t\t\n\t\t\t\t\t\t\t\t\t\t\t\t\t\t\t\t\t\t<!--Gallery Label-->\n\t\t\t\t\t\t\t\t\t\t\t\t\t\t\t\t\t\t<div class=\"lbsp_home_portfolio_caption\">\n\t\t\t\t\t\t\t\t\t\t\t\n\t\t\t\t\t\t\t\t\t\t\t<h3>Klasse 5b<\/h3>\n\t\t\t\t\t\t\t\t\t\t\t\n\t\t\t\t\t\t\t\t\t<\/div>\n\t\t\t\t\t\t\t\t\t\t\t\t\t\t\t\t\t<\/div>\n\t\t\t\t\t\t\t<\/div>\n\t\t\t\t\t\t\t\t\t\t\t\t\t\t<div class=\"col-md-6 col-sm-6 wl-gallery\" >\n\t\t\t\t\t\t\t\t<div class=\"img-box-shadow\">\n\t\t\t\t\t\t\t\t\t\t\t\t\t\t\t\t\t\t\t<a title=\"Klasse 5c\" class=\"fancybox_1605\" data-fancybox-group=\"gallery\"  href=\"https:\/\/www.wggselb.de\/wp\/wp-content\/uploads\/2019\/09\/2019-09-25-kennenlernnachmittag-teil2.jpg\" style=\"color:#FFFFFF;\">\n\t\t\t\t\t\t\t\t\t\t\t\t<img decoding=\"async\" src=\"https:\/\/www.wggselb.de\/wp\/wp-content\/uploads\/2019\/09\/2019-09-25-kennenlernnachmittag-teil2-500x500.jpg\" class=\"gall-img-responsive\" style=\"display:none !important; visibility:hidden\" alt=\"Klasse 5c\">\n\t\t\t\t\t\t\t\t\t\t\t\t<div class=\"b-link-apart-horisontal b-animate-go\">\n\t\t\t\t\t\t\t\t\t\t\t\t\t<img decoding=\"async\" src=\"https:\/\/www.wggselb.de\/wp\/wp-content\/uploads\/2019\/09\/2019-09-25-kennenlernnachmittag-teil2-500x500.jpg\" class=\"gall-img-responsive\" alt=\"Klasse 5c\">\n\t\t\t\t\t\t\t\t\t\t\t\t<\/div>\n\t\t\t\t\t\t\t\t\t\t\t<\/a>\n\t\t\t\t\t\t\t\t\t\t\t\t\t\t\t\t\t\t\t\t\n\t\t\t\t\t\t\t\t\t\t\t\t\t\t\t\t\t\t<!--Gallery Label-->\n\t\t\t\t\t\t\t\t\t\t\t\t\t\t\t\t\t\t<div class=\"lbsp_home_portfolio_caption\">\n\t\t\t\t\t\t\t\t\t\t\t\n\t\t\t\t\t\t\t\t\t\t\t<h3>Klasse 5c<\/h3>\n\t\t\t\t\t\t\t\t\t\t\t\n\t\t\t\t\t\t\t\t\t<\/div>\n\t\t\t\t\t\t\t\t\t\t\t\t\t\t\t\t\t<\/div>\n\t\t\t\t\t\t\t<\/div>\n\t\t\t\t\t\t\t\t\t\t\t\t\t\t<div class=\"col-md-6 col-sm-6 wl-gallery\" >\n\t\t\t\t\t\t\t\t<div class=\"img-box-shadow\">\n\t\t\t\t\t\t\t\t\t\t\t\t\t\t\t\t\t\t\t<a title=\"Die Tutoren des Schuljahres 2019\/20\" class=\"fancybox_1605\" data-fancybox-group=\"gallery\"  href=\"https:\/\/www.wggselb.de\/wp\/wp-content\/uploads\/2019\/09\/tutoren19-20.jpg\" style=\"color:#FFFFFF;\">\n\t\t\t\t\t\t\t\t\t\t\t\t<img decoding=\"async\" src=\"https:\/\/www.wggselb.de\/wp\/wp-content\/uploads\/2019\/09\/tutoren19-20-500x500.jpg\" class=\"gall-img-responsive\" style=\"display:none !important; visibility:hidden\" alt=\"Die Tutoren des Schuljahres 2019\/20\">\n\t\t\t\t\t\t\t\t\t\t\t\t<div class=\"b-link-apart-horisontal b-animate-go\">\n\t\t\t\t\t\t\t\t\t\t\t\t\t<img decoding=\"async\" src=\"https:\/\/www.wggselb.de\/wp\/wp-content\/uploads\/2019\/09\/tutoren19-20-500x500.jpg\" class=\"gall-img-responsive\" alt=\"Die Tutoren des Schuljahres 2019\/20\">\n\t\t\t\t\t\t\t\t\t\t\t\t<\/div>\n\t\t\t\t\t\t\t\t\t\t\t<\/a>\n\t\t\t\t\t\t\t\t\t\t\t\t\t\t\t\t\t\t\t\t\n\t\t\t\t\t\t\t\t\t\t\t\t\t\t\t\t\t\t<!--Gallery Label-->\n\t\t\t\t\t\t\t\t\t\t\t\t\t\t\t\t\t\t<div class=\"lbsp_home_portfolio_caption\">\n\t\t\t\t\t\t\t\t\t\t\t\n\t\t\t\t\t\t\t\t\t\t\t<h3>Die Tutoren des Schuljahres 2019\/20<\/h3>\n\t\t\t\t\t\t\t\t\t\t\t\n\t\t\t\t\t\t\t\t\t<\/div>\n\t\t\t\t\t\t\t\t\t\t\t\t\t\t\t\t\t<\/div>\n\t\t\t\t\t\t\t<\/div>\n\t\t\t\t\t\t\t\t\t\t\t<\/div>\n\t\t\t\t\t\t<\/div>\n\t\t\t\t\n\t\t    <\/div>\n\n\t<!-- Photo box-->\n    \t\n\t\n\t<!-- Swipe Box-->\n\t\t\n\t<!-- Magnific box-->\n\t\t\n\t\n\t<!-- Fancy box-->\n\t\t<script type=\"text\/javascript\">\n\tjQuery(document).ready(function() {\n\t\tjQuery('.fancybox_1605').fancybox();\n\t});\n\t<\/script>\n\t\t\t\n        \n","protected":false},"excerpt":{"rendered":"<p>Am 25. September fand der Kennenlernnachmittag f\u00fcr die F\u00fcnftkl\u00e4ssler statt. Er begann mit einem gemeinsamen Imbiss im Atrium der Schule, anschlie\u00dfend gingen die F\u00fcnftkl\u00e4ssler mit &hellip; <\/p>\n","protected":false},"author":3,"featured_media":0,"comment_status":"closed","ping_status":"closed","sticky":false,"template":"","format":"standard","meta":{"footnotes":""},"categories":[1],"tags":[37,38],"class_list":["post-1609","post","type-post","status-publish","format-standard","hentry","category-news","tag-fuenftklaessler","tag-kennenlernnachmittag"],"_links":{"self":[{"href":"https:\/\/www.wggselb.de\/wp\/wp-json\/wp\/v2\/posts\/1609","targetHints":{"allow":["GET"]}}],"collection":[{"href":"https:\/\/www.wggselb.de\/wp\/wp-json\/wp\/v2\/posts"}],"about":[{"href":"https:\/\/www.wggselb.de\/wp\/wp-json\/wp\/v2\/types\/post"}],"author":[{"embeddable":true,"href":"https:\/\/www.wggselb.de\/wp\/wp-json\/wp\/v2\/users\/3"}],"replies":[{"embeddable":true,"href":"https:\/\/www.wggselb.de\/wp\/wp-json\/wp\/v2\/comments?post=1609"}],"version-history":[{"count":2,"href":"https:\/\/www.wggselb.de\/wp\/wp-json\/wp\/v2\/posts\/1609\/revisions"}],"predecessor-version":[{"id":1611,"href":"https:\/\/www.wggselb.de\/wp\/wp-json\/wp\/v2\/posts\/1609\/revisions\/1611"}],"wp:attachment":[{"href":"https:\/\/www.wggselb.de\/wp\/wp-json\/wp\/v2\/media?parent=1609"}],"wp:term":[{"taxonomy":"category","embeddable":true,"href":"https:\/\/www.wggselb.de\/wp\/wp-json\/wp\/v2\/categories?post=1609"},{"taxonomy":"post_tag","embeddable":true,"href":"https:\/\/www.wggselb.de\/wp\/wp-json\/wp\/v2\/tags?post=1609"}],"curies":[{"name":"wp","href":"https:\/\/api.w.org\/{rel}","templated":true}]}}