{"id":1776,"date":"2019-11-28T13:40:51","date_gmt":"2019-11-28T12:40:51","guid":{"rendered":"https:\/\/www.wggselb.de\/wp\/?p=1776"},"modified":"2026-04-19T15:00:34","modified_gmt":"2026-04-19T13:00:34","slug":"vorankuendigung-die-hoehle-der-loewen-in-selb","status":"publish","type":"post","link":"https:\/\/www.wggselb.de\/wp\/vorankuendigung-die-hoehle-der-loewen-in-selb\/","title":{"rendered":"Vorank\u00fcndigung: Die &#8222;H\u00f6hle der L\u00f6wen&#8220; in Selb"},"content":{"rendered":"\n<p>Am Montag, dem 16.12.2019 um 19:00 Uhr, ist es endlich soweit: F\u00fcr die Sch\u00fcler des P-Seminars \u201eDie H\u00f6hle der L\u00f6wen\u201c unter der Leitung von Wolf B\u00f6ckel \u00f6ffnet sich der Vorhang des Rosenthal-Theaters und die Show, auf die sie \u00fcber ein Jahr hingearbeitet haben, beginnt.<\/p>\n\n\n\n<p>Doch das vergangene Jahr war ein Jahr voller H\u00f6hen und Tiefen f\u00fcr die Sch\u00fcler, ein Jahr, in dem sie viel gelernt haben \u2013 \u00fcber Produktionsprozesse, \u00fcber Veranstaltungsorganisation und auch \u00fcber sich selbst. \u201eBegonnen hat alles mit der Idee, ein Skateboard zu bauen\u201c, so Anna K\u00f6gler, Personalreferentin bei LAMILUX. \u201eUnd dabei wollten wir die Sch\u00fcler durch unser Know-How im Bereich Faserverbundwerkstoffe nat\u00fcrlich tatkr\u00e4ftig unterst\u00fctzen\u201c. Nach einer Firmenbesichtigung im Oktober 2018 stand dann relativ schnell fest, dass ein Skateboard f\u00fcr 14 Sch\u00fcler nicht das Ziel des Seminars sein kann, das w\u00e4re dann doch zu langweilig. Nachdem die Sch\u00fcler erfahren haben, was mit den Werkstoffen von LAMILUX alles gebaut und hergestellt werden kann, haben sie weitere Ideen entwickelt und sich am Ende in drei Gruppen aufgeteilt, die sich jeweils um eine Produktentwicklung k\u00fcmmerten. Die Ideen wurden dann in den folgenden Wochen und Monaten in der Lehrwerkstatt bei LAMILUX in die Tat umgesetzt. Viele Schulstunden wurden daher vom Klassenzimmer direkt in die Produktionsst\u00e4tten nach Rehau verlegt und Stift und Block wurden gegen Bohrmaschine, S\u00e4ge und Klebstoff getauscht, um an den Ideen zu basteln und zu t\u00fcfteln. <\/p>\n\n\n\n<p>Doch welche der Ideen sollen am Ende weiterverfolgt werden? Um das herauszufinden, werden die Sch\u00fcler ihre Entwicklungen im Rahmen einer Show \u00e0 la \u201eDie H\u00f6hle der L\u00f6wen\u201c im Rosenthal-Theater pr\u00e4sentieren. Extra f\u00fcr dieses Event haben sie an einem Workshop zum Thema \u201eStart-Ups\u201c teilgenommen und ihre Erfahrungen und die Produktionsprozesse auch filmisch festgehalten. Am 16. Dezember um 19:00 Uhr m\u00fcssen die drei Gruppen genau wie bei der bekannten TV-Show \u201eDie H\u00f6hle der L\u00f6wen\u201c eine Jury von ihren Ideen \u00fcberzeugen. Die Jury-Mitglieder, bestehend aus Uli P\u00f6tzsch, Oberb\u00fcrgermeister der Stadt Selb, Dr. Dorothee Strunz, Gesch\u00e4ftsf\u00fchrerin von LAMILUX und Stefan K\u00f6gler, Kreisgesch\u00e4ftsf\u00fchrer des BRK Kreisverbandes Hof, sind schon sehr gespannt, welche Produkte ihnen pr\u00e4sentiert werden und mit welchen Argumenten die Sch\u00fcler versuchen werden, sie von einer Investition zu \u00fcberzeugen.&nbsp; <\/p>\n\n\n\n<p>Wer also hautnah bei der Selber Variante von \u201eDie H\u00f6hle der L\u00f6wen\u201c dabei sein m\u00f6chte, der muss nur am 16. Dezember um 19:00 Uhr ins Rosenthal-Theater kommen. Der Eintritt zur Show ist frei. Neben den Auftritten der Sch\u00fcler sorgt die Band \u201eStandard\u201c f\u00fcr ein kurzweiliges Abendprogramm. <\/p>\n\n\n\n<figure class=\"wp-block-image\"><img loading=\"lazy\" decoding=\"async\" width=\"2000\" height=\"1396\" src=\"https:\/\/www.wggselb.de\/wp\/wp-content\/uploads\/2019\/11\/2019-11-28-hdl2-2000x1396.jpg\" alt=\"\" class=\"wp-image-1773\" srcset=\"https:\/\/www.wggselb.de\/wp\/wp-content\/uploads\/2019\/11\/2019-11-28-hdl2.jpg 2000w, https:\/\/www.wggselb.de\/wp\/wp-content\/uploads\/2019\/11\/2019-11-28-hdl2-300x209.jpg 300w, https:\/\/www.wggselb.de\/wp\/wp-content\/uploads\/2019\/11\/2019-11-28-hdl2-768x536.jpg 768w\" sizes=\"auto, (max-width: 2000px) 100vw, 2000px\" \/><figcaption class=\"wp-element-caption\">Gemeinsam mit Florian Funk, Entwicklungsingenieur bei LAMILUX, werden am PC die technischen Details besprochen. <\/figcaption><\/figure>\n","protected":false},"excerpt":{"rendered":"<p>Am Montag, dem 16.12.2019 um 19:00 Uhr, ist es endlich soweit: F\u00fcr die Sch\u00fcler des P-Seminars \u201eDie H\u00f6hle der L\u00f6wen\u201c unter der Leitung von Wolf &hellip; <\/p>\n","protected":false},"author":3,"featured_media":1774,"comment_status":"closed","ping_status":"closed","sticky":false,"template":"","format":"standard","meta":{"footnotes":""},"categories":[1,172],"tags":[40],"class_list":["post-1776","post","type-post","status-publish","format-standard","has-post-thumbnail","hentry","category-news","category-p-seminar","tag-p-seminar"],"_links":{"self":[{"href":"https:\/\/www.wggselb.de\/wp\/wp-json\/wp\/v2\/posts\/1776","targetHints":{"allow":["GET"]}}],"collection":[{"href":"https:\/\/www.wggselb.de\/wp\/wp-json\/wp\/v2\/posts"}],"about":[{"href":"https:\/\/www.wggselb.de\/wp\/wp-json\/wp\/v2\/types\/post"}],"author":[{"embeddable":true,"href":"https:\/\/www.wggselb.de\/wp\/wp-json\/wp\/v2\/users\/3"}],"replies":[{"embeddable":true,"href":"https:\/\/www.wggselb.de\/wp\/wp-json\/wp\/v2\/comments?post=1776"}],"version-history":[{"count":3,"href":"https:\/\/www.wggselb.de\/wp\/wp-json\/wp\/v2\/posts\/1776\/revisions"}],"predecessor-version":[{"id":6941,"href":"https:\/\/www.wggselb.de\/wp\/wp-json\/wp\/v2\/posts\/1776\/revisions\/6941"}],"wp:featuredmedia":[{"embeddable":true,"href":"https:\/\/www.wggselb.de\/wp\/wp-json\/wp\/v2\/media\/1774"}],"wp:attachment":[{"href":"https:\/\/www.wggselb.de\/wp\/wp-json\/wp\/v2\/media?parent=1776"}],"wp:term":[{"taxonomy":"category","embeddable":true,"href":"https:\/\/www.wggselb.de\/wp\/wp-json\/wp\/v2\/categories?post=1776"},{"taxonomy":"post_tag","embeddable":true,"href":"https:\/\/www.wggselb.de\/wp\/wp-json\/wp\/v2\/tags?post=1776"}],"curies":[{"name":"wp","href":"https:\/\/api.w.org\/{rel}","templated":true}]}}