{"id":1995,"date":"2020-01-16T13:09:14","date_gmt":"2020-01-16T12:09:14","guid":{"rendered":"https:\/\/www.wggselb.de\/wp\/?p=1995"},"modified":"2020-03-12T13:13:41","modified_gmt":"2020-03-12T12:13:41","slug":"das-wgg-nun-auch-im-bereich-marketing-breit-aufgestellt","status":"publish","type":"post","link":"https:\/\/www.wggselb.de\/wp\/das-wgg-nun-auch-im-bereich-marketing-breit-aufgestellt\/","title":{"rendered":"Das WGG nun auch im Bereich Marketing breit aufgestellt"},"content":{"rendered":"\n<p>Im\nRahmen des ausgeschriebenen P-Seminars \u201eMarketingkonzept f\u00fcr das WGG\u201c wagten\nsich 10 Sch\u00fclerinnen und Sch\u00fcler an diese schwierige Aufgabe heran. Das Ziel\nbestand darin ein wirksames Konzept f\u00fcr das Selber Gymnasium zu entwickeln, um\nim Sinne einer Marketingstrategie, nicht nur das Image nach au\u00dfen zu steigern,\nsondern auch wieder neue Sch\u00fcler zu gewinnen.<\/p>\n\n\n\n<p>Seminarleiter\nStD Licht \u00fcbergab uns also im wahrsten Sinne des Wortes eine Karte, auf der\nbereits ein grobes Ziel markiert war. Wie das Ziel allerdings genau aussehen\nsollte und welchen Weg man zusammen bestreiten m\u00f6chte, war die Aufgabe f\u00fcr das\nSeminar in den kommenden drei Semestern.<\/p>\n\n\n\n<p>Begonnen\nhat die Planung mit der grundlegenden Definition des Begriffs Marketing. F\u00fcr\nden weiteren Verlauf wollten wir uns dar\u00fcber informieren, welche M\u00f6glichkeiten\nwir in diesem Bereich haben und welche Attribute eines Konzepts wir auf unsere\nSchule \u00fcbertragen k\u00f6nnen.<\/p>\n\n\n\n<p>Und somit stand auch schon\ndas erste Projekt vor der T\u00fcr. Durch die Werbungen an den Kassen der\nEdeka-M\u00e4rkte in Selb und Rehau kamen wir auf die Idee selbst eine solche\nWerbung f\u00fcr den \u00dcbertritt auf unser Gymnasium zu gestalten und auf die\nBildschirme zu bringen. Und tats\u00e4chlich war innerhalb k\u00fcrzester Zeit ein\n10-sek\u00fcndiger Videoclip fertiggestellt. Zusammen mit der Firma Viewento, die\nf\u00fcr solche Bildschirmwerbungen zust\u00e4ndig ist, schafften wir es unseren Spot f\u00fcr\nvier Wochen in den Edeka-M\u00e4rkten in Selb und Rehau zu zeigen. <\/p>\n\n\n\n<p>Ein weiterer gro\u00dfer Punkt auf unserer Checkliste war der Dreh eines eigenen Imagefilms. Denn zu jeder guten Firma, die in diesem Fall die Schule ist, geh\u00f6rt heutzutage ein Imagefilm. Also traf sich das Filmteam des Seminars an einem Wochenende in der Schule und drehte alle n\u00f6tigen Filmsequenzen ab. Der anschlie\u00dfende Schnitt und die Vertonung wurde von unserem IT-Experten Justus M\u00fcller (Q12) \u00fcbernommen.<\/p>\n\n\n\n<p>Der fertige Imagefilm wird auf der <span style=\"color:#ffdc00\">Abschlusspr\u00e4sentation am 13. Februar 2020<\/span> <span style=\"color:#e5332a\">um 18:30 Uhr<\/span> <span style=\"color:#1d70b7\">im Atrium des Gymnasiums<\/span> pr\u00e4sentiert.<\/p>\n\n\n\n<p>Dazu\nsind alle Interessenten, Lehrer, Sch\u00fcler und Eltern nat\u00fcrlich herzlich\neingeladen.<\/p>\n\n\n\n<p>Ein\nweiteres Projekt, welches aktuell schon im Umlauf ist, ist die Neugestaltung\ndes Schullogos. Dieses wurde von der Design-Gruppe erstellt und abschlie\u00dfend\nvon Frau Amtmann abgesegnet. Es ist ab jetzt auf allen offiziellen Briefen, die\ndie Schule verlassen, auf allen Elternbriefen, auf der Schulwebsite, sowie auf\nden neu gestalteten Leinentaschen und deren Inhalten zu sehen.<\/p>\n\n\n\n<p>Womit\nwir auch schon beim n\u00e4chsten Projekt w\u00e4ren. Die Arbeitsgruppe der \u201eGive-away\nbags\u201c k\u00fcmmerte sich um das Design dieser und deren Inhalt. Schlussendlich\nk\u00f6nnen wir Leinentaschen, Kugelschreiber, Notizbl\u00f6cke und K\u00fchlschrankmagnete,\nbedruckt mit dem aktuellen Schullogo pr\u00e4sentieren. Es wurden zus\u00e4tzlich neue\nFlyer f\u00fcr den Termin der Einschreibung im kommenden Schuljahr gestaltet. Diese\nsind ebenfalls in den Bags enthalten. Bei der Anschaffung der Leinentaschen\nunterst\u00fctzte uns die Schulleitung.<\/p>\n\n\n\n<p>Das\nSchullogo findet auch eine weitere Verwendung. An der Au\u00dfenfassade wird in\nZusammenarbeit mit dem Landratsamt Wunsiedel eine gro\u00dfe Tafel mit unserem Logo\ninstalliert. Die Finanzierung des Projekts wird vollst\u00e4ndig vom Landratsamt\n\u00fcbernommen. Wir richten deshalb einen gro\u00dfen Dank an die Verantwortlichen\nunseres Sachaufwandtr\u00e4gers.<\/p>\n\n\n\n<p>Auch\ndie Programmierung einer schulinternen App f\u00fcr Sch\u00fcler stand im Raum. Hierbei\nunterst\u00fctzte uns Herr Frenzl mit fachm\u00e4nnischem Wissen zum Erstellen einer\nsolchen App. Bis zuletzt glaubten alle daran, dass dieser kleine Traum\nWirklichkeit werden w\u00fcrde. Doch im letzten Moment kam uns, wie so oft in der\nheutigen Zeit, der Datenschutz in die Quere. <\/p>\n\n\n\n<p>Aber\nauch trotz schwieriger Phasen blickt das gesamte Seminar auf eine gro\u00dfartige\nZeit voller neuer Erfahrungen und nachhaltiger Projekte zur\u00fcck.<\/p>\n\n\n\n<p>Denn\nes ist sicherlich ein gro\u00dfartiges Gef\u00fchl nach Jahren an die Schule\nzur\u00fcckzukommen und eigene, immer noch gegenw\u00e4rtige Projekte, wie das Schullogo\nbestaunen zu k\u00f6nnen.&nbsp;&nbsp;&nbsp; <\/p>\n\n\n\n<p>Im Namen aller Seminarteilnehmer und des Seminarleiters Herrn Licht, bedankt sich das P-Seminar bei allen Sponsoren und Personen, die uns bei unserer Arbeit unterst\u00fctzt haben.<\/p>\n\n\n\n<p style=\"text-align:right\"><em>Maximilian Klement, Teilnehmer des P-Seminars<\/em><\/p>\n","protected":false},"excerpt":{"rendered":"<p>Im Rahmen des ausgeschriebenen P-Seminars \u201eMarketingkonzept f\u00fcr das WGG\u201c wagten sich 10 Sch\u00fclerinnen und Sch\u00fcler an diese schwierige Aufgabe heran. Das Ziel bestand darin ein &hellip; <\/p>\n","protected":false},"author":8,"featured_media":0,"comment_status":"closed","ping_status":"closed","sticky":false,"template":"","format":"standard","meta":{"footnotes":""},"categories":[1],"tags":[68,40],"class_list":["post-1995","post","type-post","status-publish","format-standard","hentry","category-news","tag-marketing","tag-p-seminar"],"_links":{"self":[{"href":"https:\/\/www.wggselb.de\/wp\/wp-json\/wp\/v2\/posts\/1995","targetHints":{"allow":["GET"]}}],"collection":[{"href":"https:\/\/www.wggselb.de\/wp\/wp-json\/wp\/v2\/posts"}],"about":[{"href":"https:\/\/www.wggselb.de\/wp\/wp-json\/wp\/v2\/types\/post"}],"author":[{"embeddable":true,"href":"https:\/\/www.wggselb.de\/wp\/wp-json\/wp\/v2\/users\/8"}],"replies":[{"embeddable":true,"href":"https:\/\/www.wggselb.de\/wp\/wp-json\/wp\/v2\/comments?post=1995"}],"version-history":[{"count":2,"href":"https:\/\/www.wggselb.de\/wp\/wp-json\/wp\/v2\/posts\/1995\/revisions"}],"predecessor-version":[{"id":1998,"href":"https:\/\/www.wggselb.de\/wp\/wp-json\/wp\/v2\/posts\/1995\/revisions\/1998"}],"wp:attachment":[{"href":"https:\/\/www.wggselb.de\/wp\/wp-json\/wp\/v2\/media?parent=1995"}],"wp:term":[{"taxonomy":"category","embeddable":true,"href":"https:\/\/www.wggselb.de\/wp\/wp-json\/wp\/v2\/categories?post=1995"},{"taxonomy":"post_tag","embeddable":true,"href":"https:\/\/www.wggselb.de\/wp\/wp-json\/wp\/v2\/tags?post=1995"}],"curies":[{"name":"wp","href":"https:\/\/api.w.org\/{rel}","templated":true}]}}