{"id":2007,"date":"2020-01-23T13:21:27","date_gmt":"2020-01-23T12:21:27","guid":{"rendered":"https:\/\/www.wggselb.de\/wp\/?p=2007"},"modified":"2020-02-13T13:14:49","modified_gmt":"2020-02-13T12:14:49","slug":"tag-der-offenen-tueren","status":"publish","type":"post","link":"https:\/\/www.wggselb.de\/wp\/tag-der-offenen-tueren\/","title":{"rendered":"Tag der offenen T\u00fcr(en)"},"content":{"rendered":"\n<p>Was kommt nach der Grundschule, wohin f\u00fchrt der Weg f\u00fcr\nJungen und M\u00e4dchen nach der 4. Klasse? Antworten auf diese und viele andere\nFragen rund um den \u00dcbertritt m\u00f6chte das WGG beim Tag der offenen T\u00fcr am\n29.1.2020 geben und freut sich auf viele interessierte Besucher. <\/p>\n\n\n\n<p>Von 17.30 \u2013 19.00 Uhr pr\u00e4sentieren die Lehrkr\u00e4fte des\nGymnasiums ihre F\u00e4cher und Aktivit\u00e4ten in den R\u00e4umen der Schule; die Besucher\nk\u00f6nnen bei einer Physik-Show staunen, einen Blick durch eine VR-Brille werfen\nund sich erste Eindr\u00fccke verschaffen, welche M\u00f6glichkeiten das\nWalter-Gropius-Gymnasium in seinen Ausbildungszweigen bietet. <\/p>\n\n\n\n<p>Ab 19.00 Uhr d\u00fcrfen die Kinder weiter die Schule erkunden,\nw\u00e4hrend die Eltern im Atrium des Gymnasiums Informationen rund um das\n\u00dcbertrittsverfahren und den Ablauf der 5. Jahrgangsstufe erhalten. In diesem\nJahr wird auch die Bl\u00e4serklasse vorgestellt, die zum kommenden Jahr am WGG\neingerichtet wird. <\/p>\n\n\n\n<p>Die T\u00fcren des Walter-Gropius-Gymnasiums Selb stehen weit\noffen, gehen Sie hindurch und lernen Sie die Schule kennen!<\/p>\n","protected":false},"excerpt":{"rendered":"<p>Was kommt nach der Grundschule, wohin f\u00fchrt der Weg f\u00fcr Jungen und M\u00e4dchen nach der 4. Klasse? Antworten auf diese und viele andere Fragen rund &hellip; <\/p>\n","protected":false},"author":3,"featured_media":0,"comment_status":"closed","ping_status":"closed","sticky":false,"template":"","format":"standard","meta":{"footnotes":""},"categories":[1],"tags":[],"class_list":["post-2007","post","type-post","status-publish","format-standard","hentry","category-news"],"_links":{"self":[{"href":"https:\/\/www.wggselb.de\/wp\/wp-json\/wp\/v2\/posts\/2007","targetHints":{"allow":["GET"]}}],"collection":[{"href":"https:\/\/www.wggselb.de\/wp\/wp-json\/wp\/v2\/posts"}],"about":[{"href":"https:\/\/www.wggselb.de\/wp\/wp-json\/wp\/v2\/types\/post"}],"author":[{"embeddable":true,"href":"https:\/\/www.wggselb.de\/wp\/wp-json\/wp\/v2\/users\/3"}],"replies":[{"embeddable":true,"href":"https:\/\/www.wggselb.de\/wp\/wp-json\/wp\/v2\/comments?post=2007"}],"version-history":[{"count":1,"href":"https:\/\/www.wggselb.de\/wp\/wp-json\/wp\/v2\/posts\/2007\/revisions"}],"predecessor-version":[{"id":2008,"href":"https:\/\/www.wggselb.de\/wp\/wp-json\/wp\/v2\/posts\/2007\/revisions\/2008"}],"wp:attachment":[{"href":"https:\/\/www.wggselb.de\/wp\/wp-json\/wp\/v2\/media?parent=2007"}],"wp:term":[{"taxonomy":"category","embeddable":true,"href":"https:\/\/www.wggselb.de\/wp\/wp-json\/wp\/v2\/categories?post=2007"},{"taxonomy":"post_tag","embeddable":true,"href":"https:\/\/www.wggselb.de\/wp\/wp-json\/wp\/v2\/tags?post=2007"}],"curies":[{"name":"wp","href":"https:\/\/api.w.org\/{rel}","templated":true}]}}