{"id":2077,"date":"2020-02-20T13:15:21","date_gmt":"2020-02-20T12:15:21","guid":{"rendered":"https:\/\/www.wggselb.de\/wp\/?p=2077"},"modified":"2020-02-20T13:15:21","modified_gmt":"2020-02-20T12:15:21","slug":"der-kreisentscheid-beim-vorlesewettbewerb-in-wunsiedel-2020","status":"publish","type":"post","link":"https:\/\/www.wggselb.de\/wp\/der-kreisentscheid-beim-vorlesewettbewerb-in-wunsiedel-2020\/","title":{"rendered":"Der Kreisentscheid beim Vorlesewettbewerb in Wunsiedel 2020"},"content":{"rendered":"\n<p style=\"text-align:right\"><em> \u201e<\/em><strong><em>Wer B\u00fccher liest, schaut in die Welt und nicht nur bis zum Zaune.\u201c <\/em>(Johann Wolfgang von Goethe)<\/strong><\/p>\n\n\n\n<figure class=\"wp-block-image\"><img loading=\"lazy\" decoding=\"async\" width=\"480\" height=\"640\" src=\"https:\/\/www.wggselb.de\/wp\/wp-content\/uploads\/2020\/02\/vorlesewettbewerb-e1582200744695.jpg\" alt=\"\" class=\"wp-image-2081\" srcset=\"https:\/\/www.wggselb.de\/wp\/wp-content\/uploads\/2020\/02\/vorlesewettbewerb-e1582200744695.jpg 480w, https:\/\/www.wggselb.de\/wp\/wp-content\/uploads\/2020\/02\/vorlesewettbewerb-e1582200744695-225x300.jpg 225w\" sizes=\"auto, (max-width: 480px) 100vw, 480px\" \/><\/figure>\n\n\n\n<p>Das\nFoto zeigt eine zufriedene Hannah aus der Klasse 6a. Sie hat beim\nVorlesewettbewerb auf Kreisebene, der Anfang Februar in der\nJean-Paul-Mittelschule in Wunsiedel stattfand, zwar nicht gewonnen,\ndas WGG aber w\u00fcrdig vertreten. Sowohl den vorbereiteten Text \u2013\nhier hatte die Sechstkl\u00e4sslerin eine spannende Stelle aus dem\nJugendbuch \u201eDie Gl\u00fccksb\u00e4ckerei\u201c von Kathryn Littlewood\nausgew\u00e4hlt &#8211; als auch den unbekannten Romanausschnitt trug die\nSch\u00fclerin aus der 6a fehlerfrei und mit passender Betonung vor. Der\nJury, die sich aus einer Buchh\u00e4ndlerin, einer Angestellten der\nWunsiedler Stadtb\u00fccherei und zwei Vertreterinnen der\nWirtschaftsschule zusammensetzte, fiel die Entscheidung entsprechend\nschwer und es vergingen z\u00e4he Minuten, bis das Ergebnis verk\u00fcndet\nwerden konnte. Die Lese-Siegtroph\u00e4e erhielt schlie\u00dflich eine\nSch\u00fclerin aus Wunsiedel, die beide Texte au\u00dferordentlich fl\u00fcssig\nvorgelesen hatte.<\/p>\n\n\n\n<p>Wir\nw\u00fcnschen Hannah, die wie alle anderen 10 Teilnehmerinnen und\nTeilnehmer eine Urkunde und ein Buch (samt Lesezeichen mit dem oben\nerw\u00e4hnten Goethe-Zitat) \u00fcberreicht bekam, weiterhin viel Freude\nbeim Lesen und Vorlesen!<\/p>\n\n\n\n<p style=\"text-align:right\"><em>OStRin Silke Sachs, Deutschlehrerin der Klasse 6a<\/em><\/p>\n","protected":false},"excerpt":{"rendered":"<p>\u201eWer B\u00fccher liest, schaut in die Welt und nicht nur bis zum Zaune.\u201c (Johann Wolfgang von Goethe) Das Foto zeigt eine zufriedene Hannah aus der &hellip; <\/p>\n","protected":false},"author":8,"featured_media":0,"comment_status":"closed","ping_status":"closed","sticky":false,"template":"","format":"standard","meta":{"footnotes":""},"categories":[1],"tags":[],"class_list":["post-2077","post","type-post","status-publish","format-standard","hentry","category-news"],"_links":{"self":[{"href":"https:\/\/www.wggselb.de\/wp\/wp-json\/wp\/v2\/posts\/2077","targetHints":{"allow":["GET"]}}],"collection":[{"href":"https:\/\/www.wggselb.de\/wp\/wp-json\/wp\/v2\/posts"}],"about":[{"href":"https:\/\/www.wggselb.de\/wp\/wp-json\/wp\/v2\/types\/post"}],"author":[{"embeddable":true,"href":"https:\/\/www.wggselb.de\/wp\/wp-json\/wp\/v2\/users\/8"}],"replies":[{"embeddable":true,"href":"https:\/\/www.wggselb.de\/wp\/wp-json\/wp\/v2\/comments?post=2077"}],"version-history":[{"count":3,"href":"https:\/\/www.wggselb.de\/wp\/wp-json\/wp\/v2\/posts\/2077\/revisions"}],"predecessor-version":[{"id":2086,"href":"https:\/\/www.wggselb.de\/wp\/wp-json\/wp\/v2\/posts\/2077\/revisions\/2086"}],"wp:attachment":[{"href":"https:\/\/www.wggselb.de\/wp\/wp-json\/wp\/v2\/media?parent=2077"}],"wp:term":[{"taxonomy":"category","embeddable":true,"href":"https:\/\/www.wggselb.de\/wp\/wp-json\/wp\/v2\/categories?post=2077"},{"taxonomy":"post_tag","embeddable":true,"href":"https:\/\/www.wggselb.de\/wp\/wp-json\/wp\/v2\/tags?post=2077"}],"curies":[{"name":"wp","href":"https:\/\/api.w.org\/{rel}","templated":true}]}}