{"id":2151,"date":"2020-03-13T14:00:38","date_gmt":"2020-03-13T13:00:38","guid":{"rendered":"https:\/\/www.wggselb.de\/wp\/?p=2151"},"modified":"2020-03-13T14:39:58","modified_gmt":"2020-03-13T13:39:58","slug":"schuelercafe-oase-geschlossen","status":"publish","type":"post","link":"https:\/\/www.wggselb.de\/wp\/schuelercafe-oase-geschlossen\/","title":{"rendered":"Sch\u00fclercaf\u00e9 OASE geschlossen"},"content":{"rendered":"\n<p>F\u00fcr alle Sch\u00fclerinnen und Sch\u00fcler der &#8222;Offenen Ganztagsschule&#8220;: das Sch\u00fclercafe OASE hat der Schule mitgeteilt, dass ab Montag, den 16.03.2020, bis zu den Osterferien keine Mittags- bzw. Nachmittagsbetreuung mehr stattfinden kann.<\/p>\n","protected":false},"excerpt":{"rendered":"<p>F\u00fcr alle Sch\u00fclerinnen und Sch\u00fcler der &#8222;Offenen Ganztagsschule&#8220;: das Sch\u00fclercafe OASE hat der Schule mitgeteilt, dass ab Montag, den 16.03.2020, bis zu den Osterferien keine &hellip; <\/p>\n","protected":false},"author":3,"featured_media":0,"comment_status":"closed","ping_status":"closed","sticky":false,"template":"","format":"standard","meta":{"footnotes":""},"categories":[1],"tags":[],"class_list":["post-2151","post","type-post","status-publish","format-standard","hentry","category-news"],"_links":{"self":[{"href":"https:\/\/www.wggselb.de\/wp\/wp-json\/wp\/v2\/posts\/2151","targetHints":{"allow":["GET"]}}],"collection":[{"href":"https:\/\/www.wggselb.de\/wp\/wp-json\/wp\/v2\/posts"}],"about":[{"href":"https:\/\/www.wggselb.de\/wp\/wp-json\/wp\/v2\/types\/post"}],"author":[{"embeddable":true,"href":"https:\/\/www.wggselb.de\/wp\/wp-json\/wp\/v2\/users\/3"}],"replies":[{"embeddable":true,"href":"https:\/\/www.wggselb.de\/wp\/wp-json\/wp\/v2\/comments?post=2151"}],"version-history":[{"count":1,"href":"https:\/\/www.wggselb.de\/wp\/wp-json\/wp\/v2\/posts\/2151\/revisions"}],"predecessor-version":[{"id":2152,"href":"https:\/\/www.wggselb.de\/wp\/wp-json\/wp\/v2\/posts\/2151\/revisions\/2152"}],"wp:attachment":[{"href":"https:\/\/www.wggselb.de\/wp\/wp-json\/wp\/v2\/media?parent=2151"}],"wp:term":[{"taxonomy":"category","embeddable":true,"href":"https:\/\/www.wggselb.de\/wp\/wp-json\/wp\/v2\/categories?post=2151"},{"taxonomy":"post_tag","embeddable":true,"href":"https:\/\/www.wggselb.de\/wp\/wp-json\/wp\/v2\/tags?post=2151"}],"curies":[{"name":"wp","href":"https:\/\/api.w.org\/{rel}","templated":true}]}}