{"id":2159,"date":"2020-03-18T14:17:01","date_gmt":"2020-03-18T13:17:01","guid":{"rendered":"https:\/\/www.wggselb.de\/wp\/?p=2159"},"modified":"2020-03-20T13:52:22","modified_gmt":"2020-03-20T12:52:22","slug":"aktuelle-informationen-der-schulleitung","status":"publish","type":"post","link":"https:\/\/www.wggselb.de\/wp\/aktuelle-informationen-der-schulleitung\/","title":{"rendered":"Aktuelle Informationen der Schulleitung"},"content":{"rendered":"\n<p>Sehr geehrte Eltern,<\/p>\n\n\n\n<p>aufgrund der sich dynamisch entwickelnden Situation und um unsere Verwaltungsangestellten zu sch\u00fctzen, \u00e4ndern wir unsere \u00d6ffnungszeiten wie folgt:<\/p>\n\n\n\n<p>Direktorat und Sekretariat sind <strong>ab Donnerstag, 19.03.2020<\/strong> nur noch von <strong>08:00 Uhr bis 12:00 Uhr<\/strong> besetzt und telephonisch zu erreichen.<\/p>\n\n\n\n<p>Wir bitten Sie zudem, sich vor einem Besuch <strong>stets telephonisch anzumelden<\/strong> und einen Termin zu vereinbaren. Vorsorglich weisen wir an dieser Stelle noch einmal daraufhin, dass Sch\u00fclerinnen und Sch\u00fcler laut <a href=\"https:\/\/www.wggselb.de\/wp\/wp-content\/uploads\/2020\/03\/20200313_allgemeinverfuegung_stmgp_schulen_kitas.pdf\">Allgemeinverf\u00fcgung<\/a> die Schule nicht betreten d\u00fcrfen.<\/p>\n\n\n\n<p>Per Mail sind wir zu den \u00fcblichen Gesch\u00e4ftszeiten zu erreichen, so dass Sie jederzeit Kontakt mit uns aufnehmen k\u00f6nnen. Da die meisten Eltern mittlerweile im Elternportal angemeldet sind, d\u00fcrfte die Kontaktaufnahme auch zu den einzelnen Lehrkr\u00e4ften relativ unproblematisch verlaufen. Scheuen Sie sich nicht, sich bei Fragen telephonisch bei uns zu r\u00fchren.<\/p>\n\n\n\n<p>Wir hoffen, mit diesen Ma\u00dfnahmen zur Verlangsamung der Ausbreitung des Virus beitragen zu k\u00f6nnen.<\/p>\n\n\n\n<h4 class=\"wp-block-heading\">Notfallbetreuung<\/h4>\n\n\n\n<p>Eine Notfallbetreuung ist eingerichtet. Sollten Sie diese ab jetzt in Anspruch nehmen wollen, f\u00fcllen Sie bitte zwingend das <a href=\"https:\/\/www.wggselb.de\/wp\/wp-content\/uploads\/2020\/03\/2020-03-19-erklaerung-notfallbetreuung.pdf\">hier verlinkte Formular<\/a> aus. Am Donnerstag, 19.03.2020 und am Freitag, 20.03.2020 kann Ihr Kind ohne telephonische Voranmeldung daran teilnehmen. Ab Montag, 23.03.2020 bitten wir um telephonische Voranmeldung sp\u00e4testens einen Tag vorher, so dass wir die Betreuung im Rahmen der \u00fcblichen Unterrichtszeit von 08:00 Uhr bis 13:00 Uhr organisieren k\u00f6nnen. Wir weisen an dieser Stelle noch einmal auf die Allgemeinverf\u00fcgung hin, die den Personenkreis derer, die eine Notbetreuung in Anspruch nehmen d\u00fcrfen, klar definiert.<\/p>\n\n\n\n<h4 class=\"wp-block-heading\">Abiturpr\u00fcfung<\/h4>\n\n\n\n<p>Wir d\u00fcrfen Ihnen folgende Informationen des Bayerischen Staatsministeriums f\u00fcr Unterricht und Kultus \u00fcbermitteln: <a href=\"https:\/\/www.wggselb.de\/wp\/wp-content\/uploads\/2020\/03\/abitur_2020_r.pdf\">abitur_2020_r.pdf<\/a><\/p>\n\n\n\n<p>Generell gilt: Schauen Sie bitte regelm\u00e4\u00dfig auf unsere Homepage, die <a href=\"https:\/\/www.km.bayern.de\/\" target=\"_blank\" rel=\"noreferrer noopener\" aria-label=\"Homepage des Kultusministeriums (\u00f6ffnet in neuem Tab)\">Homepage des Kultusministeriums<\/a> und ins Elternportal. Neue Informationen werden wir Ihnen zeitnah weitergeben.<\/p>\n\n\n\n<p>Mit freundlichen Gr\u00fc\u00dfen und bleiben Sie gesund.<\/p>\n\n\n\n<p style=\"text-align:right\"><em>T.-S. Amtmann<\/em><\/p>\n","protected":false},"excerpt":{"rendered":"<p>Sehr geehrte Eltern, aufgrund der sich dynamisch entwickelnden Situation und um unsere Verwaltungsangestellten zu sch\u00fctzen, \u00e4ndern wir unsere \u00d6ffnungszeiten wie folgt: Direktorat und Sekretariat sind &hellip; <\/p>\n","protected":false},"author":3,"featured_media":0,"comment_status":"closed","ping_status":"closed","sticky":false,"template":"","format":"standard","meta":{"footnotes":""},"categories":[1],"tags":[],"class_list":["post-2159","post","type-post","status-publish","format-standard","hentry","category-news"],"_links":{"self":[{"href":"https:\/\/www.wggselb.de\/wp\/wp-json\/wp\/v2\/posts\/2159","targetHints":{"allow":["GET"]}}],"collection":[{"href":"https:\/\/www.wggselb.de\/wp\/wp-json\/wp\/v2\/posts"}],"about":[{"href":"https:\/\/www.wggselb.de\/wp\/wp-json\/wp\/v2\/types\/post"}],"author":[{"embeddable":true,"href":"https:\/\/www.wggselb.de\/wp\/wp-json\/wp\/v2\/users\/3"}],"replies":[{"embeddable":true,"href":"https:\/\/www.wggselb.de\/wp\/wp-json\/wp\/v2\/comments?post=2159"}],"version-history":[{"count":5,"href":"https:\/\/www.wggselb.de\/wp\/wp-json\/wp\/v2\/posts\/2159\/revisions"}],"predecessor-version":[{"id":2173,"href":"https:\/\/www.wggselb.de\/wp\/wp-json\/wp\/v2\/posts\/2159\/revisions\/2173"}],"wp:attachment":[{"href":"https:\/\/www.wggselb.de\/wp\/wp-json\/wp\/v2\/media?parent=2159"}],"wp:term":[{"taxonomy":"category","embeddable":true,"href":"https:\/\/www.wggselb.de\/wp\/wp-json\/wp\/v2\/categories?post=2159"},{"taxonomy":"post_tag","embeddable":true,"href":"https:\/\/www.wggselb.de\/wp\/wp-json\/wp\/v2\/tags?post=2159"}],"curies":[{"name":"wp","href":"https:\/\/api.w.org\/{rel}","templated":true}]}}