{"id":2400,"date":"2020-10-08T20:44:04","date_gmt":"2020-10-08T18:44:04","guid":{"rendered":"https:\/\/www.wggselb.de\/wp\/?p=2400"},"modified":"2020-10-08T20:44:04","modified_gmt":"2020-10-08T18:44:04","slug":"neuer-coronafall-am-wgg","status":"publish","type":"post","link":"https:\/\/www.wggselb.de\/wp\/neuer-coronafall-am-wgg\/","title":{"rendered":"Neuer Coronafall am WGG"},"content":{"rendered":"\n<p>Sehr geehrte\nErziehungsberechtigte, liebe Eltern,<\/p>\n\n\n\n<p>wir m\u00f6chten Sie informieren, dass uns seit dem heutigen Tag, <strong>08.10.2020, <\/strong>bekannt ist, dass eine Sch\u00fclerin positiv auf Covid-19 getestet wurde. Die Mitsch\u00fclerinnen und -sch\u00fcler der jeweiligen Klasse sowie der Gruppen in den Sprachen und in Religion wurden informiert. Ebenso sind die Lehrkr\u00e4fte, die im vom Gesundheitsamt mitgeteilten Zeitfenster einer Infektionsgefahr in dieser Klasse unterrichtet haben, nicht mehr im Pr\u00e4senzunterricht. Diese Sch\u00fcler und Lehrkr\u00e4fte unterliegen auf Anordnung des Gesundheitsamts Wunsiedel der Quarant\u00e4ne. Kontaktpersonen 2. Grades sind davon nicht betroffen. <\/p>\n\n\n\n<p>Die Familien der\nKinder in diesen Klassen werden durch das Gesundheitsamt informiert und\nbegleitet. Auch Informationen \u00fcber den Ablauf der Testungen, weitere\nAuswirkungen auf Geschwister und das Ende der Quarant\u00e4ne werden durch das\nGesundheitsamt direkt an die Betroffenen weitergegeben.<\/p>\n\n\n\n<p>Da auch 10 Lehrkr\u00e4fte in Quarant\u00e4ne geschickt werden mussten, ist ein Unterricht im gewohnten Umfang nicht mehr zu realisieren. Die Klassen, die von einer Umstellung\/ K\u00fcrzung betroffen sind, wurden zum Teil bereits oder werden noch informiert. Wenn Sie nicht von uns angerufen worden sind, findet der Unterricht Ihres Kindes nach Plan statt. <\/p>\n\n\n\n<p>Bei Nachfragen\nsind wir f\u00fcr Sie auf den \u00fcblichen Kommunikationswegen erreichbar.<\/p>\n\n\n\n<p>Mit\nfreundlichen Gr\u00fc\u00dfen<\/p>\n\n\n\n<p>gez.\nT.-S. Amtmann, OStDin&nbsp;&nbsp;&nbsp;&nbsp;&nbsp;&nbsp;&nbsp;&nbsp;&nbsp;&nbsp;&nbsp;&nbsp;&nbsp;&nbsp;&nbsp;&nbsp;&nbsp;&nbsp;&nbsp;&nbsp;&nbsp;&nbsp;&nbsp;&nbsp;&nbsp; gez.\nR. Licht, StD<\/p>\n","protected":false},"excerpt":{"rendered":"<p>Sehr geehrte Erziehungsberechtigte, liebe Eltern, wir m\u00f6chten Sie informieren, dass uns seit dem heutigen Tag, 08.10.2020, bekannt ist, dass eine Sch\u00fclerin positiv auf Covid-19 getestet &hellip; <\/p>\n","protected":false},"author":5,"featured_media":0,"comment_status":"closed","ping_status":"closed","sticky":false,"template":"","format":"standard","meta":{"footnotes":""},"categories":[1],"tags":[],"class_list":["post-2400","post","type-post","status-publish","format-standard","hentry","category-news"],"_links":{"self":[{"href":"https:\/\/www.wggselb.de\/wp\/wp-json\/wp\/v2\/posts\/2400","targetHints":{"allow":["GET"]}}],"collection":[{"href":"https:\/\/www.wggselb.de\/wp\/wp-json\/wp\/v2\/posts"}],"about":[{"href":"https:\/\/www.wggselb.de\/wp\/wp-json\/wp\/v2\/types\/post"}],"author":[{"embeddable":true,"href":"https:\/\/www.wggselb.de\/wp\/wp-json\/wp\/v2\/users\/5"}],"replies":[{"embeddable":true,"href":"https:\/\/www.wggselb.de\/wp\/wp-json\/wp\/v2\/comments?post=2400"}],"version-history":[{"count":1,"href":"https:\/\/www.wggselb.de\/wp\/wp-json\/wp\/v2\/posts\/2400\/revisions"}],"predecessor-version":[{"id":2401,"href":"https:\/\/www.wggselb.de\/wp\/wp-json\/wp\/v2\/posts\/2400\/revisions\/2401"}],"wp:attachment":[{"href":"https:\/\/www.wggselb.de\/wp\/wp-json\/wp\/v2\/media?parent=2400"}],"wp:term":[{"taxonomy":"category","embeddable":true,"href":"https:\/\/www.wggselb.de\/wp\/wp-json\/wp\/v2\/categories?post=2400"},{"taxonomy":"post_tag","embeddable":true,"href":"https:\/\/www.wggselb.de\/wp\/wp-json\/wp\/v2\/tags?post=2400"}],"curies":[{"name":"wp","href":"https:\/\/api.w.org\/{rel}","templated":true}]}}