{"id":3624,"date":"2022-03-18T17:50:15","date_gmt":"2022-03-18T16:50:15","guid":{"rendered":"https:\/\/www.wggselb.de\/wp\/?p=3624"},"modified":"2022-03-18T17:50:15","modified_gmt":"2022-03-18T16:50:15","slug":"die-ersten-sonnenstrahlen-ziehen-die-schulgaertner-ins-gruene","status":"publish","type":"post","link":"https:\/\/www.wggselb.de\/wp\/die-ersten-sonnenstrahlen-ziehen-die-schulgaertner-ins-gruene\/","title":{"rendered":"Die ersten Sonnenstrahlen ziehen die Schulg\u00e4rtner ins Gr\u00fcne"},"content":{"rendered":"\n<p>Nachdem sich der Schulgarten des WGGs in der Pandemiezeit selbstt\u00e4tig renaturiert hat, wurde es Zeit gemeinsam anzupacken und den Teich vom \u00fcberquellenden Pflanzenbewuchs zu befreien.<\/p>\n\n\n\n<p>Unser Hausmeister Markus Kulbacki, der die Schulg\u00e4rtner jederzeit mit Rat und Tat unterst\u00fctzt, und die Teilnehmer der AG Schulgarten nutzten die ersten warmen Tage. Die Herberge f\u00fcr Molche und Fr\u00f6sche wurde wieder bewohnbar gemacht. Durch die hohe Pflanzendichte stand der Teich, vor allem in den Sommermonaten, vor dem Austrocknen. Die Pflege des naturnahen Biotops startet nach der Corona-Zwangspause endlich wieder.<\/p>\n\n\n\n<p style=\"text-align:right\"><em>StR Marcus St\u00f6ckel<\/em><\/p>\n","protected":false},"excerpt":{"rendered":"<p>Nachdem sich der Schulgarten des WGGs in der Pandemiezeit selbstt\u00e4tig renaturiert hat, wurde es Zeit gemeinsam anzupacken und den Teich vom \u00fcberquellenden Pflanzenbewuchs zu befreien. &hellip; <\/p>\n","protected":false},"author":3,"featured_media":3623,"comment_status":"closed","ping_status":"closed","sticky":false,"template":"","format":"standard","meta":{"footnotes":""},"categories":[1],"tags":[83],"class_list":["post-3624","post","type-post","status-publish","format-standard","has-post-thumbnail","hentry","category-news","tag-schulgarten"],"_links":{"self":[{"href":"https:\/\/www.wggselb.de\/wp\/wp-json\/wp\/v2\/posts\/3624","targetHints":{"allow":["GET"]}}],"collection":[{"href":"https:\/\/www.wggselb.de\/wp\/wp-json\/wp\/v2\/posts"}],"about":[{"href":"https:\/\/www.wggselb.de\/wp\/wp-json\/wp\/v2\/types\/post"}],"author":[{"embeddable":true,"href":"https:\/\/www.wggselb.de\/wp\/wp-json\/wp\/v2\/users\/3"}],"replies":[{"embeddable":true,"href":"https:\/\/www.wggselb.de\/wp\/wp-json\/wp\/v2\/comments?post=3624"}],"version-history":[{"count":2,"href":"https:\/\/www.wggselb.de\/wp\/wp-json\/wp\/v2\/posts\/3624\/revisions"}],"predecessor-version":[{"id":3626,"href":"https:\/\/www.wggselb.de\/wp\/wp-json\/wp\/v2\/posts\/3624\/revisions\/3626"}],"wp:featuredmedia":[{"embeddable":true,"href":"https:\/\/www.wggselb.de\/wp\/wp-json\/wp\/v2\/media\/3623"}],"wp:attachment":[{"href":"https:\/\/www.wggselb.de\/wp\/wp-json\/wp\/v2\/media?parent=3624"}],"wp:term":[{"taxonomy":"category","embeddable":true,"href":"https:\/\/www.wggselb.de\/wp\/wp-json\/wp\/v2\/categories?post=3624"},{"taxonomy":"post_tag","embeddable":true,"href":"https:\/\/www.wggselb.de\/wp\/wp-json\/wp\/v2\/tags?post=3624"}],"curies":[{"name":"wp","href":"https:\/\/api.w.org\/{rel}","templated":true}]}}