{"id":3723,"date":"2022-05-02T12:42:44","date_gmt":"2022-05-02T10:42:44","guid":{"rendered":"https:\/\/www.wggselb.de\/wp\/?p=3723"},"modified":"2022-05-02T12:42:44","modified_gmt":"2022-05-02T10:42:44","slug":"selber-gymnasiasten-entwerfen-geschenkhefte-fuer-menschen-mit-demenz","status":"publish","type":"post","link":"https:\/\/www.wggselb.de\/wp\/selber-gymnasiasten-entwerfen-geschenkhefte-fuer-menschen-mit-demenz\/","title":{"rendered":"Selber Gymnasiasten entwerfen Geschenkhefte f\u00fcr Menschen mit Demenz"},"content":{"rendered":"\n<p>Die \u201eWoche f\u00fcr das Leben\u201c, die am 29. April in Rehau er\u00f6ffnet wurde, steht dieses Jahr unter dem Motto: \u201eMittendrin. Leben mit Demenz\u201c. F\u00fcr dieses Thema interessieren sich keineswegs nur \u00e4ltere Menschen. Erst k\u00fcrzlich erschienen im \u201eVerlag neues Buch\u201c zwei Geburtstagsgeschenkhefte, die demenzsensibel gestaltet wurden. Nicht etwa von Fachleuten, sondern von Sch\u00fclerinnen und Sch\u00fclern des Walter-Gropius-Gymnasiums in Selb im Rahmen eines Projekt-Seminares mit dem Titel: \u201eSch\u00e4tze der Erinnerung\u201c.<\/p>\n\n\n\n<p>Elf junge Leute befassten sich unter der Leitung von Pfarrerin Andrea M\u00fcnster \u00fcber zwei Schuljahre hinweg mit dem Thema Demenz. Zielsetzung war, die Hefte so zu gestalten, dass Texte und Bilder Erinnerungen wecken und zum Mitsprechen und Mitsingen animieren. Die Besonderheit dabei war, dass die Hefte in Zusammenarbeit mit Bewohnerinnen und Bewohnern des Seniorenheimes Paul-Gerhardt-Haus entstanden &#8211; mittendrin eben im Alltag von Menschen, die Demenz haben oder mit ihnen arbeiten und leben.<\/p>\n\n\n\n<p>Zun\u00e4chst\nwurden die Teenager von Fachkr\u00e4ften durch das Haus gef\u00fchrt und \u00fcber\ndie besonderen Bed\u00fcrfnisse der alten Menschen aufgekl\u00e4rt. Manche\nkannten Haus und einzelne Bewohner schon, denn sie hatten im Jahr\ndavor am Wahlunterricht \u201eAltenheim macht Schule\u201c teilgenommen und\nregelm\u00e4\u00dfig im Heim Besuche gemacht.<\/p>\n\n\n\n<p>Die\nSch\u00fclergruppe organisierte einen Singnachmittag im Haus und konnte\nso herausfinden, welche Lieder besonders bei der Generation 70Plus\nbekannt und beliebt sind. Der Nachmittag war ein Vergn\u00fcgen f\u00fcr die\nbetagten Damen und Herren und die jungen Leute waren \u00fcber so viel\nherzlichen Zuspruch \u00fcberrascht und erfreut.<\/p>\n\n\n\n<p>Corona stellte einen tiefen Einschnitt in das Projekt dar, die Gruppe durfte nicht mehr in die Einrichtung. So war der Weg zum fertigen Produkt l\u00e4nger als geplant. Die Sch\u00fclerinnen nutzten den Lockdown zum Fotografieren. Die laminierten Fotos wurden von Anna Schwarzmeier, eine Betreuerin im Paul-Gerhardt-Haus, den Seniorinnen und Senioren vorgestellt. Diese w\u00e4hlten die Motive aus, die sie am ansprechendsten fanden.<\/p>\n\n\n\n<p>In Kleingruppen erstellte das Seminar dann aus den favorisierten Fotos und Texten Heftentw\u00fcrfe. Im Verlag \u201eNeues Buch\u201c wurden diese Vorlagen \u00fcberarbeitet und gedruckt.<\/p>\n\n\n\n<p>Die nun jungen Erwachsenen hatten das Abitur bereits hinter sich und Studium und Ausbildung begonnen, als sie ihr Werk endlich in H\u00e4nden halten konnten. Per Post schickte Pfrin. M\u00fcnster die Hefte sogar bis nach Irland.<\/p>\n\n\n\n<p>Tats\u00e4chlich haben die jungen Menschen damit eine Marktl\u00fccke aufgef\u00fcllt, es gibt kaum Geschenkhefte, die f\u00fcr Menschen mit demenzieller Erkrankung geeignet sind. Das Heft \u201eTageszeiten\u201c und \u201eViel Gl\u00fcck und viel Segen\u201c regt mit sehr kurzen, wohlbekannten Texten in besonders gro\u00dfer Schrift und dazu passenden Bildern die Erinnerungen an. So helfen sie, Menschen mit Demenz zu aktivieren und ihnen eine Freude zu bereiten.<\/p>\n\n\n\n<p>Und im kommenden Schuljahr soll das Projekt \u201eAltenheim macht Schule\u201c wieder aufgenommen werden, wenn Corona es zul\u00e4sst. Dann sind auch junge Menschen wieder mitten drin in einem Leben mit Demenz.<\/p>\n\n\n\n<p style=\"text-align:right\"><em>Pfarrerin Andrea M\u00fcnster<\/em><\/p>\n\n\n\n<figure class=\"wp-block-image\"><a href=\"https:\/\/www.wggselb.de\/wp\/wp-content\/uploads\/2022\/05\/schaetze.png\"><img loading=\"lazy\" decoding=\"async\" width=\"1601\" height=\"1217\" src=\"https:\/\/www.wggselb.de\/wp\/wp-content\/uploads\/2022\/05\/schaetze.png\" alt=\"\" class=\"wp-image-3722\" srcset=\"https:\/\/www.wggselb.de\/wp\/wp-content\/uploads\/2022\/05\/schaetze.png 1601w, https:\/\/www.wggselb.de\/wp\/wp-content\/uploads\/2022\/05\/schaetze-300x228.png 300w, https:\/\/www.wggselb.de\/wp\/wp-content\/uploads\/2022\/05\/schaetze-768x584.png 768w\" sizes=\"auto, (max-width: 1601px) 100vw, 1601px\" \/><\/a><\/figure>\n","protected":false},"excerpt":{"rendered":"<p>Die \u201eWoche f\u00fcr das Leben\u201c, die am 29. April in Rehau er\u00f6ffnet wurde, steht dieses Jahr unter dem Motto: \u201eMittendrin. Leben mit Demenz\u201c. F\u00fcr dieses &hellip; <\/p>\n","protected":false},"author":3,"featured_media":0,"comment_status":"closed","ping_status":"closed","sticky":false,"template":"","format":"standard","meta":{"footnotes":""},"categories":[1],"tags":[],"class_list":["post-3723","post","type-post","status-publish","format-standard","hentry","category-news"],"_links":{"self":[{"href":"https:\/\/www.wggselb.de\/wp\/wp-json\/wp\/v2\/posts\/3723","targetHints":{"allow":["GET"]}}],"collection":[{"href":"https:\/\/www.wggselb.de\/wp\/wp-json\/wp\/v2\/posts"}],"about":[{"href":"https:\/\/www.wggselb.de\/wp\/wp-json\/wp\/v2\/types\/post"}],"author":[{"embeddable":true,"href":"https:\/\/www.wggselb.de\/wp\/wp-json\/wp\/v2\/users\/3"}],"replies":[{"embeddable":true,"href":"https:\/\/www.wggselb.de\/wp\/wp-json\/wp\/v2\/comments?post=3723"}],"version-history":[{"count":1,"href":"https:\/\/www.wggselb.de\/wp\/wp-json\/wp\/v2\/posts\/3723\/revisions"}],"predecessor-version":[{"id":3724,"href":"https:\/\/www.wggselb.de\/wp\/wp-json\/wp\/v2\/posts\/3723\/revisions\/3724"}],"wp:attachment":[{"href":"https:\/\/www.wggselb.de\/wp\/wp-json\/wp\/v2\/media?parent=3723"}],"wp:term":[{"taxonomy":"category","embeddable":true,"href":"https:\/\/www.wggselb.de\/wp\/wp-json\/wp\/v2\/categories?post=3723"},{"taxonomy":"post_tag","embeddable":true,"href":"https:\/\/www.wggselb.de\/wp\/wp-json\/wp\/v2\/tags?post=3723"}],"curies":[{"name":"wp","href":"https:\/\/api.w.org\/{rel}","templated":true}]}}