{"id":3789,"date":"2022-06-22T07:57:40","date_gmt":"2022-06-22T05:57:40","guid":{"rendered":"https:\/\/www.wggselb.de\/wp\/?p=3789"},"modified":"2022-06-22T07:57:40","modified_gmt":"2022-06-22T05:57:40","slug":"informationen-der-vgf","status":"publish","type":"post","link":"https:\/\/www.wggselb.de\/wp\/informationen-der-vgf\/","title":{"rendered":"Informationen der VGF"},"content":{"rendered":"\n<h4 class=\"wp-block-heading\">9-Euro-Ticket<\/h4>\n\n\n\n<p>Die ausgegebenen Sch\u00fclerjahresfahrkarten der VGF gelten mit aufgeklebten Monatswertmarken f\u00fcr Juni und Juli in den jeweiligen Monaten bundesweit als 9-Euro-Ticket im Nahverkehr. Die Sch\u00fcler und Sch\u00fclerinnen m\u00fcssen sich also kein zus\u00e4tzliches 9-Euro-Ticket kaufen. Dies gilt auch f\u00fcr Sch\u00fcler und Sch\u00fclerinnen, die Sch\u00fclerjahresfahrkarten der RBO oder der Deutschen Bahn haben!<\/p>\n\n\n\n<h4 class=\"wp-block-heading\">Ferien-Ticket der VGF<\/h4>\n\n\n\n<p>In den Sommerferien gilt im Landkreis Wunsiedel wieder das Ferienticket. Das bedeutet, dass Kinder und Jugendliche im Landkreis Wunsiedel bis zum 18. Geburtstag kostenlos mit der VGF und den Fichtel-BAXIS fahren k\u00f6nnen.<\/p>\n\n\n\n<h4 class=\"wp-block-heading\">Ersatz-Abos<\/h4>\n\n\n\n<p>Sch\u00fcler und Sch\u00fclerinnen, die <em>ab sofort<\/em> ihre Sch\u00fclerjahresfahrkarte verlieren, bekommen von Frau Lindenblatt (Landratsamt Wunsiedel) wie gewohnt eine vorl\u00e4ufige Fahrtberechtigung f\u00fcr 31 Tage. F\u00fcr die restlichen Fahrten im Monat Juli k\u00f6nnen sie dann, je nach Vorliebe, auch ein 9-Euro-Ticket l\u00f6sen. Dieses ist billiger als die 15 Euro f\u00fcr das Ersatz-Abo. Diese Vorgehensweise ist mit der VGF abgesprochen.<\/p>\n\n\n\n<h4 class=\"wp-block-heading\">Selbstzahler<\/h4>\n\n\n\n<p>Die Familienbelastung f\u00fcr die &#8222;Selbstzahler&#8220;, die Erstattungsantr\u00e4ge stellen, steigt laut Mitteilung des Bayerischen Staatsministeriums f\u00fcr Unterricht und Kultus ab dem Schuljahr 2022\/23 auf 490,00 Euro j\u00e4hrlich.<\/p>\n","protected":false},"excerpt":{"rendered":"<p>9-Euro-Ticket Die ausgegebenen Sch\u00fclerjahresfahrkarten der VGF gelten mit aufgeklebten Monatswertmarken f\u00fcr Juni und Juli in den jeweiligen Monaten bundesweit als 9-Euro-Ticket im Nahverkehr. Die Sch\u00fcler &hellip; <\/p>\n","protected":false},"author":3,"featured_media":0,"comment_status":"closed","ping_status":"closed","sticky":false,"template":"","format":"standard","meta":{"footnotes":""},"categories":[1],"tags":[],"class_list":["post-3789","post","type-post","status-publish","format-standard","hentry","category-news"],"_links":{"self":[{"href":"https:\/\/www.wggselb.de\/wp\/wp-json\/wp\/v2\/posts\/3789","targetHints":{"allow":["GET"]}}],"collection":[{"href":"https:\/\/www.wggselb.de\/wp\/wp-json\/wp\/v2\/posts"}],"about":[{"href":"https:\/\/www.wggselb.de\/wp\/wp-json\/wp\/v2\/types\/post"}],"author":[{"embeddable":true,"href":"https:\/\/www.wggselb.de\/wp\/wp-json\/wp\/v2\/users\/3"}],"replies":[{"embeddable":true,"href":"https:\/\/www.wggselb.de\/wp\/wp-json\/wp\/v2\/comments?post=3789"}],"version-history":[{"count":1,"href":"https:\/\/www.wggselb.de\/wp\/wp-json\/wp\/v2\/posts\/3789\/revisions"}],"predecessor-version":[{"id":3790,"href":"https:\/\/www.wggselb.de\/wp\/wp-json\/wp\/v2\/posts\/3789\/revisions\/3790"}],"wp:attachment":[{"href":"https:\/\/www.wggselb.de\/wp\/wp-json\/wp\/v2\/media?parent=3789"}],"wp:term":[{"taxonomy":"category","embeddable":true,"href":"https:\/\/www.wggselb.de\/wp\/wp-json\/wp\/v2\/categories?post=3789"},{"taxonomy":"post_tag","embeddable":true,"href":"https:\/\/www.wggselb.de\/wp\/wp-json\/wp\/v2\/tags?post=3789"}],"curies":[{"name":"wp","href":"https:\/\/api.w.org\/{rel}","templated":true}]}}