{"id":4226,"date":"2022-12-16T17:39:16","date_gmt":"2022-12-16T16:39:16","guid":{"rendered":"https:\/\/www.wggselb.de\/wp\/?p=4226"},"modified":"2022-12-16T17:39:16","modified_gmt":"2022-12-16T16:39:16","slug":"im-selber-keller-wird-genau-gemessen","status":"publish","type":"post","link":"https:\/\/www.wggselb.de\/wp\/im-selber-keller-wird-genau-gemessen\/","title":{"rendered":"Im Selber Keller wird genau gemessen"},"content":{"rendered":"\n<p>Die Fu\u00dfballer kennen alle inzwischen den K\u00f6lner Keller, in dem strittige Entscheidungen bei Bundesligaspielen \u00fcberpr\u00fcft, kontrolliert und gegebenenfalls korrigiert werden, nicht immer zur Zufriedenheit aller Beteiligten. Ob die Ergebnisse aus dem Selber Keller immer f\u00fcr Zufriedenheit sorgen, das steht auf einem anderen Blatt, aber eindeutig sind sie auf jeden Fall, denn die zur Verf\u00fcgung stehenden Instrumente und Ger\u00e4te lassen bei den Ergebnissen keine Zweifel zu. Aber was ist dieser Selber Keller und wo ist er zu finden?  <\/p>\n\n\n\n<p>Die Antwort auf Frage zwei lautet: im Kellergeschoss des Walter-Gropius-Gymnasiums. Die Antwort auf Frage eins lautet: es ist das MINT-Labor der Schule, das am 5. Dezember 2022 offiziell eingeweiht wurde, passenderweise w\u00e4hrend des laufenden Unterrichts, denn es wird bereits seit einiger Zeit rege genutzt, unter anderem von den Sch\u00fclerinnen und Sch\u00fclern, die in der Oberstufe das biochemische Praktikum belegen.<\/p>\n\n\n\n<p>Schulleiterin Tabea-Stephanie Amtmann konnte daher den eingeladenen G\u00e4sten unmittelbar zeigen, was in dem Labor m\u00f6glich ist. F\u00fcr den Sachaufwandstr\u00e4ger, den Landkreis Wunsiedel, war der stellvertretende Landrat Wolfgang Kreil ans WGG gekommen, Dr. Roman Pausch, Gesch\u00e4ftsf\u00fchrer der Firma RAPA und Dr. Bernd Freiherr von Chiari, Vorsitzender des Vereins der Freunde, hatten an diesem Nachmittag ebenfalls den Weg an die Schule gefunden, um der offiziellen Er\u00f6ffnung beizuwohnen. Die Schulleiterin blickte auf die Entstehungsgeschichte des Labors zur\u00fcck, dessen Anf\u00e4nge bereits im Jahr 2015 liegen. Damals kam in Gespr\u00e4chen zwischen ihr, ihrem damaligen Stellvertreter J\u00fcrgen Saalfrank und dem ehemaligen Landrat Dr. Karl D\u00f6hler der Gedanke an die Einrichtung eines MINT-Labors auf, um die Lust und das Interesse an den naturwissenschaftlichen F\u00e4chern zu steigern.<\/p>\n\n\n\n<p>Mit moderner Ausstattung sollten der Unterricht in diesen F\u00e4chern erleichtert und die Zusammenarbeit mit der Partnerschule in Asch gef\u00f6rdert werden. Weiterer positiver Aspekt: Fortbildungen f\u00fcr Sch\u00fcler wie Lehrkr\u00e4fte k\u00f6nnen vor Ort abgehalten werden, Fahrten an die Universit\u00e4t Bayreuth werden reduziert. F\u00fcr insgesamt \u00fcber 237 000 Euro wurde das Labor eingerichtet, der Raum selbst war bereits im Jahr 2019 vorbereitet, coronabedingt konnten erste \u00dcbungen erst im vergangenen Schuljahr durchgef\u00fchrt werden; 2022\/23 wird das Labor regelm\u00e4\u00dfig belegt.<\/p>\n\n\n\n<p>Tabea-Stephanie Amtmann bedankte sich herzlich bei allen Tr\u00e4gern dieses gro\u00dfen Projektes, das ohne Subventionen realisiert wurde und in das nicht zuletzt Gelder der Firma RAPA flossen, die das WGG j\u00e4hrlich mit einer f\u00fcnfstelligen Summe unterst\u00fctzt. Ihr Gesch\u00e4ftsf\u00fchrer Dr. Roman Pausch betonte, dass ihm als studiertem Mathematiker und Physiker die MINT-F\u00e4cher eine Herzensangelegenheit sind und die Unterst\u00fctzung f\u00fcr ihn von besonderer Bedeutung ist. W\u00e4hrend seiner Studienzeit waren diese F\u00e4cher l\u00e4ngst nicht so sehr im Fokus wie heute und auch eher in m\u00e4nnlicher Hand, das soll und muss sich in seinen Augen \u00e4ndern. Die naturwissenschaftlichen F\u00e4cher bieten Zukunftschancen und auch viele M\u00f6glichkeiten in der Region, deshalb ermunterte er die Sch\u00fclerinnen und Sch\u00fcler, an ihrem Engagement festzuhalten. Grundstock f\u00fcr die Verwirklichung des Projekts ist f\u00fcr ihn die gelungene Zusammenarbeit von Schule, Wirtschaft und dem Landkreis als Sachaufwandstr\u00e4ger.<\/p>\n\n\n\n<p>Dem schloss sich auch Wolfgang Kreil an, in dieser Lernumgebung mache die Arbeit noch mehr Spa\u00df und sorge f\u00fcr gute Zukunftsperspektiven; Leistungsbereitschaft w\u00e4hrend der Schulzeit sorge f\u00fcr Wettbewerbsf\u00e4higkeit in der Zukunft.<\/p>\n\n\n\n<p>Dr. Bernd Freiherr von Chiari erinnerte sich in seinem Gru\u00dfwort an die eigene Schulzeit und sein Studium der Chemie, das unter viel bescheideneren Rahmenbedingungen stattfand. Daher begl\u00fcckw\u00fcnschte er das WGG zum neuen Labor und w\u00fcnschte allzeit gutes Gelingen. Anschlie\u00dfend herrschte rege Betriebsamkeit im neuen Selber Keller, denn gemeinsam mit den Lehrkr\u00e4ften Marcus St\u00f6ckel und J\u00fcrgen Grie\u00dfhammer zeigten die Sch\u00fclerinnen und Sch\u00fcler den interessierten G\u00e4sten die praktischen Einsatzm\u00f6glichkeiten des MINT-Labors in den F\u00e4chern Biologie, Chemie und Physik.<\/p>\n\n\n\n<p style=\"text-align:right\"><em>OStR Jens K\u00f6nig<\/em><\/p>\n","protected":false},"excerpt":{"rendered":"<p>Die Fu\u00dfballer kennen alle inzwischen den K\u00f6lner Keller, in dem strittige Entscheidungen bei Bundesligaspielen \u00fcberpr\u00fcft, kontrolliert und gegebenenfalls korrigiert werden, nicht immer zur Zufriedenheit aller &hellip; <\/p>\n","protected":false},"author":3,"featured_media":4225,"comment_status":"closed","ping_status":"closed","sticky":false,"template":"","format":"standard","meta":{"footnotes":""},"categories":[1],"tags":[],"class_list":["post-4226","post","type-post","status-publish","format-standard","has-post-thumbnail","hentry","category-news"],"_links":{"self":[{"href":"https:\/\/www.wggselb.de\/wp\/wp-json\/wp\/v2\/posts\/4226","targetHints":{"allow":["GET"]}}],"collection":[{"href":"https:\/\/www.wggselb.de\/wp\/wp-json\/wp\/v2\/posts"}],"about":[{"href":"https:\/\/www.wggselb.de\/wp\/wp-json\/wp\/v2\/types\/post"}],"author":[{"embeddable":true,"href":"https:\/\/www.wggselb.de\/wp\/wp-json\/wp\/v2\/users\/3"}],"replies":[{"embeddable":true,"href":"https:\/\/www.wggselb.de\/wp\/wp-json\/wp\/v2\/comments?post=4226"}],"version-history":[{"count":1,"href":"https:\/\/www.wggselb.de\/wp\/wp-json\/wp\/v2\/posts\/4226\/revisions"}],"predecessor-version":[{"id":4227,"href":"https:\/\/www.wggselb.de\/wp\/wp-json\/wp\/v2\/posts\/4226\/revisions\/4227"}],"wp:featuredmedia":[{"embeddable":true,"href":"https:\/\/www.wggselb.de\/wp\/wp-json\/wp\/v2\/media\/4225"}],"wp:attachment":[{"href":"https:\/\/www.wggselb.de\/wp\/wp-json\/wp\/v2\/media?parent=4226"}],"wp:term":[{"taxonomy":"category","embeddable":true,"href":"https:\/\/www.wggselb.de\/wp\/wp-json\/wp\/v2\/categories?post=4226"},{"taxonomy":"post_tag","embeddable":true,"href":"https:\/\/www.wggselb.de\/wp\/wp-json\/wp\/v2\/tags?post=4226"}],"curies":[{"name":"wp","href":"https:\/\/api.w.org\/{rel}","templated":true}]}}