{"id":4404,"date":"2023-02-09T16:17:16","date_gmt":"2023-02-09T15:17:16","guid":{"rendered":"https:\/\/www.wggselb.de\/wp\/?p=4404"},"modified":"2023-02-09T16:17:16","modified_gmt":"2023-02-09T15:17:16","slug":"umweltethik-8-klasse-impulse-zum-nachdenken","status":"publish","type":"post","link":"https:\/\/www.wggselb.de\/wp\/umweltethik-8-klasse-impulse-zum-nachdenken\/","title":{"rendered":"Umweltethik 8. Klasse \u2013 Impulse zum Nachdenken"},"content":{"rendered":"\n<p>Was hat unser M\u00fcll mit dem Meer zu tun? Wieso wird es immer w\u00e4rmer? Warum machen Parks in St\u00e4dten Sinn? Wieso schaden wir der Umwelt beim Einkaufen?<\/p>\n\n\n\n<p>Mit diesen Fragen besch\u00e4ftigten sich die Sch\u00fclerinnen und Sch\u00fcler des Ethikkurses der achten Jahrgangsstufe in den letzten Schulwochen. W\u00e4hrend der selbstst\u00e4ndigen Recherchen war bei vielen Aspekten die Verwunderung und Wut \u00fcber das Verhalten der Menschheit gro\u00df. Mit der Ausstellung entstandenen Handouts am Schulgarten m\u00f6chte der Ethikkurs die Mitsch\u00fclerinnen und Mitsch\u00fcler dar\u00fcber aufkl\u00e4ren, warum unser Handeln problematisch ist.<\/p>\n\n\n\n<p>Wer dort vorbeischaut, findet aber auch wertvolle Tipps, wie wir es besser machen k\u00f6nnen!<\/p>\n\n\n\n<p style=\"text-align:right\"><em>StRefin Jacqueline Auer<\/em><\/p>\n","protected":false},"excerpt":{"rendered":"<p>Was hat unser M\u00fcll mit dem Meer zu tun? Wieso wird es immer w\u00e4rmer? Warum machen Parks in St\u00e4dten Sinn? Wieso schaden wir der Umwelt &hellip; <\/p>\n","protected":false},"author":3,"featured_media":4403,"comment_status":"closed","ping_status":"closed","sticky":false,"template":"","format":"standard","meta":{"footnotes":""},"categories":[1],"tags":[118,83],"class_list":["post-4404","post","type-post","status-publish","format-standard","has-post-thumbnail","hentry","category-news","tag-ethik","tag-schulgarten"],"_links":{"self":[{"href":"https:\/\/www.wggselb.de\/wp\/wp-json\/wp\/v2\/posts\/4404","targetHints":{"allow":["GET"]}}],"collection":[{"href":"https:\/\/www.wggselb.de\/wp\/wp-json\/wp\/v2\/posts"}],"about":[{"href":"https:\/\/www.wggselb.de\/wp\/wp-json\/wp\/v2\/types\/post"}],"author":[{"embeddable":true,"href":"https:\/\/www.wggselb.de\/wp\/wp-json\/wp\/v2\/users\/3"}],"replies":[{"embeddable":true,"href":"https:\/\/www.wggselb.de\/wp\/wp-json\/wp\/v2\/comments?post=4404"}],"version-history":[{"count":1,"href":"https:\/\/www.wggselb.de\/wp\/wp-json\/wp\/v2\/posts\/4404\/revisions"}],"predecessor-version":[{"id":4405,"href":"https:\/\/www.wggselb.de\/wp\/wp-json\/wp\/v2\/posts\/4404\/revisions\/4405"}],"wp:featuredmedia":[{"embeddable":true,"href":"https:\/\/www.wggselb.de\/wp\/wp-json\/wp\/v2\/media\/4403"}],"wp:attachment":[{"href":"https:\/\/www.wggselb.de\/wp\/wp-json\/wp\/v2\/media?parent=4404"}],"wp:term":[{"taxonomy":"category","embeddable":true,"href":"https:\/\/www.wggselb.de\/wp\/wp-json\/wp\/v2\/categories?post=4404"},{"taxonomy":"post_tag","embeddable":true,"href":"https:\/\/www.wggselb.de\/wp\/wp-json\/wp\/v2\/tags?post=4404"}],"curies":[{"name":"wp","href":"https:\/\/api.w.org\/{rel}","templated":true}]}}