{"id":4536,"date":"2023-03-30T10:31:01","date_gmt":"2023-03-30T08:31:01","guid":{"rendered":"https:\/\/www.wggselb.de\/wp\/?p=4536"},"modified":"2023-03-30T10:31:01","modified_gmt":"2023-03-30T08:31:01","slug":"treffen-mit-grundschul-lehrkraeften-am-wgg","status":"publish","type":"post","link":"https:\/\/www.wggselb.de\/wp\/treffen-mit-grundschul-lehrkraeften-am-wgg\/","title":{"rendered":"Treffen mit Grundschul-Lehrkr\u00e4ften am WGG"},"content":{"rendered":"\n<p>Die Corona-Nachwehen, die Digitalisierung an den Schulen oder die \u00f6ffentliche Diskussion um Hausaufgaben \u2013 das Themenspektrum war vielf\u00e4ltig beim Treffen der Lehrkr\u00e4fte des WGG mit den Kolleginnen und Kollegen der umliegenden Grundschulen am 29. M\u00e4rz 2023.<\/p>\n\n\n\n<p>Allj\u00e4hrlich bietet das Treffen die Gelegenheit, sich \u00fcber Themen auszutauschen, die f\u00fcr die beide Schularten von Interesse sind und \u00fcber die Sch\u00fclerinnen und Sch\u00fcler zu sprechen, die seit diesem Jahr das Gymnasium besuchen. Die Klassenleiter und Fachlehrkr\u00e4fte des WGG begr\u00fc\u00dften insgesamt sechs Kolleginnen und Kollegen von den Grundschulen, aufgrund von Krankheiten mussten einige weitere Lehrkr\u00e4fte leider auf die Teilnahme am Treffen verzichten.<\/p>\n\n\n\n<p>Unter den Anwesenden entwickelte sich schnell ein lebhaftes Gespr\u00e4ch, in dem es neben den schon erw\u00e4hnten Themen unter anderem auch um die verschiedenen Modelle der Ganztagesbetreuung oder die Ausgestaltung von Themenwochen ging. Im Anschluss wurden die Klassenlisten genauer unter die Lupe genommen, die Lehrkr\u00e4fte der Grundschulen informierten sich \u00fcber ihre ehemaligen Sch\u00fctzlinge oder nutzten die M\u00f6glichkeit f\u00fcr pers\u00f6nliche Unterhaltungen.<\/p>\n\n\n\n<p>Alle Teilnehmerinnen und Teilnehmer waren sich einig, dass regelm\u00e4\u00dfige Treffen wichtig und n\u00fctzlich sind, deswegen freuen sich alle schon auf die n\u00e4chste Auflage im kommenden Jahr.<\/p>\n\n\n\n<p style=\"text-align:right\"><em>OStR Jens K\u00f6nig<\/em><\/p>\n","protected":false},"excerpt":{"rendered":"<p>Die Corona-Nachwehen, die Digitalisierung an den Schulen oder die \u00f6ffentliche Diskussion um Hausaufgaben \u2013 das Themenspektrum war vielf\u00e4ltig beim Treffen der Lehrkr\u00e4fte des WGG mit &hellip; <\/p>\n","protected":false},"author":3,"featured_media":4535,"comment_status":"closed","ping_status":"closed","sticky":false,"template":"","format":"standard","meta":{"footnotes":""},"categories":[1],"tags":[],"class_list":["post-4536","post","type-post","status-publish","format-standard","has-post-thumbnail","hentry","category-news"],"_links":{"self":[{"href":"https:\/\/www.wggselb.de\/wp\/wp-json\/wp\/v2\/posts\/4536","targetHints":{"allow":["GET"]}}],"collection":[{"href":"https:\/\/www.wggselb.de\/wp\/wp-json\/wp\/v2\/posts"}],"about":[{"href":"https:\/\/www.wggselb.de\/wp\/wp-json\/wp\/v2\/types\/post"}],"author":[{"embeddable":true,"href":"https:\/\/www.wggselb.de\/wp\/wp-json\/wp\/v2\/users\/3"}],"replies":[{"embeddable":true,"href":"https:\/\/www.wggselb.de\/wp\/wp-json\/wp\/v2\/comments?post=4536"}],"version-history":[{"count":2,"href":"https:\/\/www.wggselb.de\/wp\/wp-json\/wp\/v2\/posts\/4536\/revisions"}],"predecessor-version":[{"id":4538,"href":"https:\/\/www.wggselb.de\/wp\/wp-json\/wp\/v2\/posts\/4536\/revisions\/4538"}],"wp:featuredmedia":[{"embeddable":true,"href":"https:\/\/www.wggselb.de\/wp\/wp-json\/wp\/v2\/media\/4535"}],"wp:attachment":[{"href":"https:\/\/www.wggselb.de\/wp\/wp-json\/wp\/v2\/media?parent=4536"}],"wp:term":[{"taxonomy":"category","embeddable":true,"href":"https:\/\/www.wggselb.de\/wp\/wp-json\/wp\/v2\/categories?post=4536"},{"taxonomy":"post_tag","embeddable":true,"href":"https:\/\/www.wggselb.de\/wp\/wp-json\/wp\/v2\/tags?post=4536"}],"curies":[{"name":"wp","href":"https:\/\/api.w.org\/{rel}","templated":true}]}}