{"id":4976,"date":"2023-10-26T10:07:02","date_gmt":"2023-10-26T08:07:02","guid":{"rendered":"https:\/\/www.wggselb.de\/wp\/?p=4976"},"modified":"2023-10-26T10:07:02","modified_gmt":"2023-10-26T08:07:02","slug":"vorbereitung-auf-die-spanischen-sprachdiplome-dele","status":"publish","type":"post","link":"https:\/\/www.wggselb.de\/wp\/vorbereitung-auf-die-spanischen-sprachdiplome-dele\/","title":{"rendered":"Vorbereitung auf die spanischen Sprachdiplome DELE"},"content":{"rendered":"\n<p>Diese acht Sch\u00fclerinnen und Sch\u00fcler der aktuellen Q12 nehmen derzeit eine zus\u00e4tzliche Anstrengung auf sich, und das trotz des mit Klausuren, der W-Seminararbeit und dem P-Seminar-Portfolio eng getakteten Halbjahres 12\/1: Sie vertiefen in einem Wahlkurs ihr Spanisch und \u00fcben flei\u00dfig sprechen, h\u00f6ren, lesen und schreiben. Damit bereiten sie sich auf das DELE escolar A2\/B1 vor, einem vom Spanischen Kulturinstitut, dem Instituto Cervantes, verliehenen Sprachdiplom. Wenn man ein solches Zertifikat vorweisen kann, so ist dies international in der Studien- und Arbeitswelt verst\u00e4ndlich und wertet den Lebenslauf auf. Au\u00dferdem sammelt man vor dem Abitur bereits Pr\u00fcfungserfahrung in einer l\u00e4ngeren, zentral erstellten Pr\u00fcfung.<\/p>\n\n\n\n<p>Die Pr\u00fcfungen, auf die sich unser Achterteam vorbereitet, finden am 18.11.2023 statt und umfassen im schriftlichen Teil H\u00f6rverstehen, Leseverstehen und schriftlichen Ausdruck. Zu jedem dieser Kompetenzbereiche gibt es innerhalb von insgesamt 130 Minuten mehrere realit\u00e4tsnahe Aufgaben zu l\u00f6sen; sie werden eingeschickt und zentral korrigiert. Anschlie\u00dfend tritt jeder Kandidat zu einer 12-min\u00fctigen m\u00fcndlichen Einzelpr\u00fcfung an, die aus vier Teilaufgaben besteht und direkt am WGG abgenommen wird. Seit 2021 ist das WGG n\u00e4mlich offizielles Pr\u00fcfungszentrum f\u00fcr die offiziellen spanischen Sprachzertifikate. An unserer Schule k\u00f6nnen die Niveaustufen A1, A2, B1 und B2 absolviert werden; die beiden Spanischlehrkr\u00e4fte StRin Stefanie Gerber und StDin Dr. Christine Wlasak-Feik sind daf\u00fcr ausgebildete und akkreditierte Pr\u00fcferinnen.<\/p>\n\n\n\n<p>Je nach erreichter Punktzahl werden die Kandidatinnen und Kandidaten die Niveaustufe A2 oder B1 bescheinigt bekommen. Wir w\u00fcnschen unseren flei\u00dfigen Spanischfans viel Erfolg bei den Zertifikatspr\u00fcfungen!<\/p>\n\n\n\n<p class=\"has-text-align-right\"><em>Dr. Christine Wlasak-Feik<\/em><\/p>\n","protected":false},"excerpt":{"rendered":"<p>Diese acht Sch\u00fclerinnen und Sch\u00fcler der aktuellen Q12 nehmen derzeit eine zus\u00e4tzliche Anstrengung auf sich, und das trotz des mit Klausuren, der W-Seminararbeit und dem &hellip; <\/p>\n","protected":false},"author":3,"featured_media":4975,"comment_status":"closed","ping_status":"closed","sticky":false,"template":"","format":"standard","meta":{"footnotes":""},"categories":[120],"tags":[90,91],"class_list":["post-4976","post","type-post","status-publish","format-standard","has-post-thumbnail","hentry","category-spanisch","tag-dele","tag-spanisch"],"_links":{"self":[{"href":"https:\/\/www.wggselb.de\/wp\/wp-json\/wp\/v2\/posts\/4976","targetHints":{"allow":["GET"]}}],"collection":[{"href":"https:\/\/www.wggselb.de\/wp\/wp-json\/wp\/v2\/posts"}],"about":[{"href":"https:\/\/www.wggselb.de\/wp\/wp-json\/wp\/v2\/types\/post"}],"author":[{"embeddable":true,"href":"https:\/\/www.wggselb.de\/wp\/wp-json\/wp\/v2\/users\/3"}],"replies":[{"embeddable":true,"href":"https:\/\/www.wggselb.de\/wp\/wp-json\/wp\/v2\/comments?post=4976"}],"version-history":[{"count":1,"href":"https:\/\/www.wggselb.de\/wp\/wp-json\/wp\/v2\/posts\/4976\/revisions"}],"predecessor-version":[{"id":4977,"href":"https:\/\/www.wggselb.de\/wp\/wp-json\/wp\/v2\/posts\/4976\/revisions\/4977"}],"wp:featuredmedia":[{"embeddable":true,"href":"https:\/\/www.wggselb.de\/wp\/wp-json\/wp\/v2\/media\/4975"}],"wp:attachment":[{"href":"https:\/\/www.wggselb.de\/wp\/wp-json\/wp\/v2\/media?parent=4976"}],"wp:term":[{"taxonomy":"category","embeddable":true,"href":"https:\/\/www.wggselb.de\/wp\/wp-json\/wp\/v2\/categories?post=4976"},{"taxonomy":"post_tag","embeddable":true,"href":"https:\/\/www.wggselb.de\/wp\/wp-json\/wp\/v2\/tags?post=4976"}],"curies":[{"name":"wp","href":"https:\/\/api.w.org\/{rel}","templated":true}]}}