{"id":5060,"date":"2023-12-13T09:09:37","date_gmt":"2023-12-13T08:09:37","guid":{"rendered":"https:\/\/www.wggselb.de\/wp\/?p=5060"},"modified":"2023-12-13T09:09:37","modified_gmt":"2023-12-13T08:09:37","slug":"kino-in-selb-nichts-wie-hin","status":"publish","type":"post","link":"https:\/\/www.wggselb.de\/wp\/kino-in-selb-nichts-wie-hin\/","title":{"rendered":"Kino in Selb \u2013 nichts wie hin!"},"content":{"rendered":"\n<p>Es war eine Geduldsprobe, aber das Warten hat sich gelohnt: das Kino in Selb hat wieder ge\u00f6ffnet. Seit dem 25. November laden vier Kinos\u00e4le zum Besuch ein, zur Wiederer\u00f6ffnung stand auch der hochgelobte und preisgekr\u00f6nte Film \u201eAnatomie eines Falls (Anatomie d\u2019une chute)\u201c auf dem Spielplan. <\/p>\n\n\n\n<p>Im Film von Regisseurin Justine Triet und mit Hauptdarstellerin Sandra H\u00fcller geht es um die Umst\u00e4nde eines Todesfalls in der N\u00e4he von Grenoble in den franz\u00f6sischen Alpen. Er ist nicht nur ein dichtes, spannendes Gerichtsdrama, sondern gew\u00e4hrt auch einen tiefen Einblick in die Verh\u00e4ltnisse der betroffenen Familie. Sicherlich nicht immer einfache Kost, aber eine lohnenswerte Gelegenheit f\u00fcr die Sch\u00fclerinnen und Sch\u00fcler des WGG ab der 9. Jahrgangsstufe, die das Fach Franz\u00f6sisch belegen, einen franz\u00f6sischsprachigen Film (mit deutschen Untertiteln und zahlreichen Dialogen auf Englisch) auf der gro\u00dfen Leinwand zu sehen. In Gespr\u00e4chen zwischen Christine Wlasak-Feik und der Verantwortlichen des Selber Kinos Jennifer Ruckdeschel konnten zwei Termine f\u00fcr Vorf\u00fchrungen gefunden werden: Am 30.11. und am 7.12. verfolgten zwei Sch\u00fclergruppen das Geschehen um die Schriftstellerin Sandra Voyter und fragten sich: was ist genau passiert \u2013 und warum? Und was kommt jetzt? <\/p>\n\n\n\n<p>Nach dem Film ist vor dem Film, l\u00e4sst sich auf jeden Fall sagen, in doppelter Hinsicht: Die \u201eAnatomie eines Falls\u201c wird noch eine Rolle im Unterricht spielen, und den Vorteil, wieder ein Kino vor Ort zu haben, wird das WGG ganz bestimmt des \u00d6fteren nutzen.<\/p>\n\n\n\n<p class=\"has-text-align-right\"><em>OStR Jens K\u00f6nig<\/em><\/p>\n","protected":false},"excerpt":{"rendered":"<p>Es war eine Geduldsprobe, aber das Warten hat sich gelohnt: das Kino in Selb hat wieder ge\u00f6ffnet. Seit dem 25. November laden vier Kinos\u00e4le zum &hellip; <\/p>\n","protected":false},"author":3,"featured_media":5059,"comment_status":"closed","ping_status":"closed","sticky":false,"template":"","format":"standard","meta":{"footnotes":""},"categories":[64],"tags":[141],"class_list":["post-5060","post","type-post","status-publish","format-standard","has-post-thumbnail","hentry","category-franzoesisch","tag-kino"],"_links":{"self":[{"href":"https:\/\/www.wggselb.de\/wp\/wp-json\/wp\/v2\/posts\/5060","targetHints":{"allow":["GET"]}}],"collection":[{"href":"https:\/\/www.wggselb.de\/wp\/wp-json\/wp\/v2\/posts"}],"about":[{"href":"https:\/\/www.wggselb.de\/wp\/wp-json\/wp\/v2\/types\/post"}],"author":[{"embeddable":true,"href":"https:\/\/www.wggselb.de\/wp\/wp-json\/wp\/v2\/users\/3"}],"replies":[{"embeddable":true,"href":"https:\/\/www.wggselb.de\/wp\/wp-json\/wp\/v2\/comments?post=5060"}],"version-history":[{"count":1,"href":"https:\/\/www.wggselb.de\/wp\/wp-json\/wp\/v2\/posts\/5060\/revisions"}],"predecessor-version":[{"id":5061,"href":"https:\/\/www.wggselb.de\/wp\/wp-json\/wp\/v2\/posts\/5060\/revisions\/5061"}],"wp:featuredmedia":[{"embeddable":true,"href":"https:\/\/www.wggselb.de\/wp\/wp-json\/wp\/v2\/media\/5059"}],"wp:attachment":[{"href":"https:\/\/www.wggselb.de\/wp\/wp-json\/wp\/v2\/media?parent=5060"}],"wp:term":[{"taxonomy":"category","embeddable":true,"href":"https:\/\/www.wggselb.de\/wp\/wp-json\/wp\/v2\/categories?post=5060"},{"taxonomy":"post_tag","embeddable":true,"href":"https:\/\/www.wggselb.de\/wp\/wp-json\/wp\/v2\/tags?post=5060"}],"curies":[{"name":"wp","href":"https:\/\/api.w.org\/{rel}","templated":true}]}}