{"id":5078,"date":"2024-01-17T10:56:41","date_gmt":"2024-01-17T09:56:41","guid":{"rendered":"https:\/\/www.wggselb.de\/wp\/?p=5078"},"modified":"2024-01-17T10:56:41","modified_gmt":"2024-01-17T09:56:41","slug":"kultur-exkursion-der-q12-nach-muenchen","status":"publish","type":"post","link":"https:\/\/www.wggselb.de\/wp\/kultur-exkursion-der-q12-nach-muenchen\/","title":{"rendered":"Kultur-Exkursion der Q12 nach M\u00fcnchen"},"content":{"rendered":"\n<p>Die au\u00dfergew\u00f6hnliche Chance, zwei kulturelle Highlights auf h\u00f6chstem Niveau zu genie\u00dfen, bekamen am Freitag, dem 12. Januar, Sch\u00fclerinnen und Sch\u00fcler der Q12: Eine auf freiwilliger Basis angebotene Exkursion f\u00fchrte am sp\u00e4ten Vormittag, nachdem der Mathematikunterricht absolviert war, mit dem Bus nach M\u00fcnchen. Wider Erwarten blockierten weder Traktoren noch Lkw, sodass die Hinfahrt z\u00fcgig lief.<\/p>\n\n\n\n<p>Erstes Ziel war die Kunsthalle in der Theatinerstra\u00dfe, die momentan eine Ausstellung beherbergt, die ihresgleichen sucht und von Experten als \u201eonce in a lifetime\u201c-Ereignis tituliert wird: Der spanische Maler Ignacio Zuloaga wird dort in einer umfassenden (und f\u00fcr die Veranstalter angeblich au\u00dfergew\u00f6hnlich kostspieligen) Werkschau namens \u201eMythos Spanien\u201c pr\u00e4sentiert. Noch nie seien seine Werke in diesem Umfang und in dieser Vollst\u00e4ndigkeit ausgestellt worden! Was aber kann dieser fr\u00fchere weltweit bekannte Superstar, der au\u00dferhalb Spaniens nach 1945 in Vergessenheit geraten ist, heute f\u00fcr unsere Sch\u00fcler f\u00fcr eine Bedeutung haben? Die hervorragende, tief sch\u00fcrfende und dabei auf das Verst\u00e4ndnis der Q12 angepasste F\u00fchrung machte es deutlich: Zuloaga griff einerseits stilistische Einfl\u00fcsse von Vel\u00e1zquez, Goya und El Greco, den ganz gro\u00dfen spanischen Malern, auf und schuf dabei aber seinen ganz eigenen, unverwechselbaren Stil. Andererseits \u00fcberh\u00f6hte er seine Motive \u2013 spanische Traditionen wie Flamenco oder Stierkampf ebenso wie Kritik an der katholischen Kirche \u2013 so, dass sie zeitlos, also mythisch wurden. Andererseits hatte er ein ganz besonderes Herz f\u00fcr gesellschaftliche Randfiguren, denen er auf seinen hochsensiblen Portr\u00e4ts W\u00fcrde verlieh. All seine Kunst ist vor dem Untergang des spanischen Weltreichs und dem Verlust der letzten Kolonien 1898 sowie der beginnenden Franco-Diktatur 1936 zu sehen, in der er den Fake-News der faschistischen Machthaber aufsa\u00df und deshalb teilweise von ihnen zu Propagandazwecken missbraucht wurde.<\/p>\n\n\n\n<figure class=\"wp-block-image size-full\"><img loading=\"lazy\" decoding=\"async\" width=\"1600\" height=\"1153\" src=\"https:\/\/www.wggselb.de\/wp\/wp-content\/uploads\/2024\/01\/2024-01-15-muenchen-3.jpg\" alt=\"\" class=\"wp-image-5076\" srcset=\"https:\/\/www.wggselb.de\/wp\/wp-content\/uploads\/2024\/01\/2024-01-15-muenchen-3.jpg 1600w, https:\/\/www.wggselb.de\/wp\/wp-content\/uploads\/2024\/01\/2024-01-15-muenchen-3-300x216.jpg 300w, https:\/\/www.wggselb.de\/wp\/wp-content\/uploads\/2024\/01\/2024-01-15-muenchen-3-768x553.jpg 768w, https:\/\/www.wggselb.de\/wp\/wp-content\/uploads\/2024\/01\/2024-01-15-muenchen-3-1536x1107.jpg 1536w, https:\/\/www.wggselb.de\/wp\/wp-content\/uploads\/2024\/01\/2024-01-15-muenchen-3-360x260.jpg 360w\" sizes=\"auto, (max-width: 1600px) 100vw, 1600px\" \/><\/figure>\n\n\n\n<p>Nach diesem Intensivkurs quer durch die spanische Geschichte, Landeskunde und Malerei ging es abends mental nach New York: Das von Ohrw\u00fcrmern nur so gespickte Musical \u201eWest Side Story\u201c von Leonard Bernstein wurde im Deutschen Theater in einer packenden Inszenierung gespielt. Hervorragende Stimmen, ein brillantes Orchester, tolle Kost\u00fcme und ein ideenreiches B\u00fchnenbild sorgten f\u00fcr Unterhaltung auf hohem Niveau. Dass das Ganze komplett in amerikanischer Sprache \u2013 mit einigen spanischen Einsprengseln, wenn sich die Puertorricaner unterhielten \u2013 auf die B\u00fchne kam, war f\u00fcr die meisten \u00fcberraschend, wurde aber als hervorragende Zusatz\u00fcbung im H\u00f6rverstehen des Englischen begr\u00fc\u00dft.<\/p>\n\n\n\n<p>Sp\u00e4tnachts ging es unter Begleitung von StD Wolf B\u00f6ckel und StRin Caro Sell, die die erkrankten StRin Lisa Benker und OStR Florian Niedrig vertraten, sowie StDin Dr. Christine Wlasak-Feik wieder nach Hause \u2013 Kopf und Herz voll mit bunten Bildern und neuen Eindr\u00fccken.<\/p>\n\n\n\n<p class=\"has-text-align-right\"><em>StDin Dr. Christine Wlasak-Feik<\/em><\/p>\n\n\n\n<figure class=\"wp-block-image size-full\"><img loading=\"lazy\" decoding=\"async\" width=\"1600\" height=\"974\" src=\"https:\/\/www.wggselb.de\/wp\/wp-content\/uploads\/2024\/01\/2024-01-15-muenchen-2.jpg\" alt=\"\" class=\"wp-image-5075\" srcset=\"https:\/\/www.wggselb.de\/wp\/wp-content\/uploads\/2024\/01\/2024-01-15-muenchen-2.jpg 1600w, https:\/\/www.wggselb.de\/wp\/wp-content\/uploads\/2024\/01\/2024-01-15-muenchen-2-300x183.jpg 300w, https:\/\/www.wggselb.de\/wp\/wp-content\/uploads\/2024\/01\/2024-01-15-muenchen-2-768x468.jpg 768w, https:\/\/www.wggselb.de\/wp\/wp-content\/uploads\/2024\/01\/2024-01-15-muenchen-2-1536x935.jpg 1536w\" sizes=\"auto, (max-width: 1600px) 100vw, 1600px\" \/><\/figure>\n","protected":false},"excerpt":{"rendered":"<p>Die au\u00dfergew\u00f6hnliche Chance, zwei kulturelle Highlights auf h\u00f6chstem Niveau zu genie\u00dfen, bekamen am Freitag, dem 12. Januar, Sch\u00fclerinnen und Sch\u00fcler der Q12: Eine auf freiwilliger &hellip; <\/p>\n","protected":false},"author":3,"featured_media":5077,"comment_status":"closed","ping_status":"closed","sticky":false,"template":"","format":"standard","meta":{"footnotes":""},"categories":[120],"tags":[121,142,101],"class_list":["post-5078","post","type-post","status-publish","format-standard","has-post-thumbnail","hentry","category-spanisch","tag-muenchen","tag-musical","tag-spanien"],"_links":{"self":[{"href":"https:\/\/www.wggselb.de\/wp\/wp-json\/wp\/v2\/posts\/5078","targetHints":{"allow":["GET"]}}],"collection":[{"href":"https:\/\/www.wggselb.de\/wp\/wp-json\/wp\/v2\/posts"}],"about":[{"href":"https:\/\/www.wggselb.de\/wp\/wp-json\/wp\/v2\/types\/post"}],"author":[{"embeddable":true,"href":"https:\/\/www.wggselb.de\/wp\/wp-json\/wp\/v2\/users\/3"}],"replies":[{"embeddable":true,"href":"https:\/\/www.wggselb.de\/wp\/wp-json\/wp\/v2\/comments?post=5078"}],"version-history":[{"count":1,"href":"https:\/\/www.wggselb.de\/wp\/wp-json\/wp\/v2\/posts\/5078\/revisions"}],"predecessor-version":[{"id":5079,"href":"https:\/\/www.wggselb.de\/wp\/wp-json\/wp\/v2\/posts\/5078\/revisions\/5079"}],"wp:featuredmedia":[{"embeddable":true,"href":"https:\/\/www.wggselb.de\/wp\/wp-json\/wp\/v2\/media\/5077"}],"wp:attachment":[{"href":"https:\/\/www.wggselb.de\/wp\/wp-json\/wp\/v2\/media?parent=5078"}],"wp:term":[{"taxonomy":"category","embeddable":true,"href":"https:\/\/www.wggselb.de\/wp\/wp-json\/wp\/v2\/categories?post=5078"},{"taxonomy":"post_tag","embeddable":true,"href":"https:\/\/www.wggselb.de\/wp\/wp-json\/wp\/v2\/tags?post=5078"}],"curies":[{"name":"wp","href":"https:\/\/api.w.org\/{rel}","templated":true}]}}