{"id":5987,"date":"2025-01-23T12:17:46","date_gmt":"2025-01-23T11:17:46","guid":{"rendered":"https:\/\/www.wggselb.de\/wp\/?p=5987"},"modified":"2025-05-14T10:39:31","modified_gmt":"2025-05-14T08:39:31","slug":"drei-oberfraenkische-meistertitel-im-eisschnelllauf","status":"publish","type":"post","link":"https:\/\/www.wggselb.de\/wp\/drei-oberfraenkische-meistertitel-im-eisschnelllauf\/","title":{"rendered":"Drei oberfr\u00e4nkische Meistertitel im Eisschnelllauf"},"content":{"rendered":"\n<p>Einen \u00fcberaus erfolgreichen Vormittag erlebten die Selber Sch\u00fclerinnen und Sch\u00fcler beim Bezirksfinale der oberfr\u00e4nkischen Schulen im Eisschnelllauf in Bayreuth. Gleich dreimal konnten Teams vom WGG Selb den Oberfr\u00e4nkischen Meistertitel gegen die Konkurrenten der anderen Schulen gewinnen. Dieses herausragende Ergebnis wurde durch einen Vizemeistertitel in der Altersklasse M\u00e4dchen III (Jahrgang 2009 \u2013 2012) komplettiert. F\u00fcrs WGG starteten Charlotte Reichel, Lotta Buchmann, Skadi Lorbeer, Mareike Hofmann und Hermine Lanzer. In dieser Altersklasse war die Mittelschule Selb siegreich und wird zusammen mit dem M\u00e4dchen-Team des Walter-Gropius-Gymnasiums Selb, die im Wettkampf M\u00e4dchen IV (Jahrgang 2012 und j\u00fcnger) gewannen, beim Landesfinale der bayerischen Schulen Anfang Februar in Inzell um die Bayerische Meisterschaft k\u00e4mpfen. F\u00fcr das WGG waren Livia Gemeinhardt, Kiedis Gare, Alexa Setzer, Melina Groh und Joline Dietel und am Start.<\/p>\n\n\n\n<p>Nach Inzell begleitet werden die beiden M\u00e4delsteams von den beiden Jungen-Mannschaften des WGG, die sich in Bayreuth souver\u00e4n gegen alle anderen Mannschaften durchsetzen konnten. In der Kombination aus einem Geschicklichkeitsparcour und zwei schnellen Runden auf Zeit traten in Bayreuth Lorenz Grimmer, Levi H\u00f6rdler, Felix Setzer, Fynn Schlotter und Philipp Eichinger f\u00fcr das WGG an.<br>\u00dcber einen weiteren hervorragenden 1. Platz durfte sich dieses Jahr die Jungs in der Wettkampfklasse IV freuen. Moritz D\u00fclp, Tim Bachmann, Noah Winterscheidt, Max Fickentscher und Moritz Buchmann ist somit die Revanche f\u00fcr die Niederlage im Vorjahr erfolgreich gelungen.<\/p>\n\n\n\n<p>Alle jungen Selber Kufenflitzer k\u00f6nnen auf das Geleistete sehr stolz sein und d\u00fcrfen ihr K\u00f6nnen beim Bayernfinale bereits in der kommenden Woche in Inzell unter Beweis stellen!<\/p>\n\n\n\n<p class=\"has-text-align-right\">O<em>StRin Anke Saalfrank<\/em><\/p>\n","protected":false},"excerpt":{"rendered":"<p>Einen \u00fcberaus erfolgreichen Vormittag erlebten die Selber Sch\u00fclerinnen und Sch\u00fcler beim Bezirksfinale der oberfr\u00e4nkischen Schulen im Eisschnelllauf in Bayreuth. Gleich dreimal konnten Teams vom WGG &hellip; <\/p>\n","protected":false},"author":3,"featured_media":5988,"comment_status":"closed","ping_status":"closed","sticky":false,"template":"","format":"standard","meta":{"footnotes":""},"categories":[1,23],"tags":[],"class_list":["post-5987","post","type-post","status-publish","format-standard","has-post-thumbnail","hentry","category-news","category-sport"],"_links":{"self":[{"href":"https:\/\/www.wggselb.de\/wp\/wp-json\/wp\/v2\/posts\/5987","targetHints":{"allow":["GET"]}}],"collection":[{"href":"https:\/\/www.wggselb.de\/wp\/wp-json\/wp\/v2\/posts"}],"about":[{"href":"https:\/\/www.wggselb.de\/wp\/wp-json\/wp\/v2\/types\/post"}],"author":[{"embeddable":true,"href":"https:\/\/www.wggselb.de\/wp\/wp-json\/wp\/v2\/users\/3"}],"replies":[{"embeddable":true,"href":"https:\/\/www.wggselb.de\/wp\/wp-json\/wp\/v2\/comments?post=5987"}],"version-history":[{"count":4,"href":"https:\/\/www.wggselb.de\/wp\/wp-json\/wp\/v2\/posts\/5987\/revisions"}],"predecessor-version":[{"id":5994,"href":"https:\/\/www.wggselb.de\/wp\/wp-json\/wp\/v2\/posts\/5987\/revisions\/5994"}],"wp:featuredmedia":[{"embeddable":true,"href":"https:\/\/www.wggselb.de\/wp\/wp-json\/wp\/v2\/media\/5988"}],"wp:attachment":[{"href":"https:\/\/www.wggselb.de\/wp\/wp-json\/wp\/v2\/media?parent=5987"}],"wp:term":[{"taxonomy":"category","embeddable":true,"href":"https:\/\/www.wggselb.de\/wp\/wp-json\/wp\/v2\/categories?post=5987"},{"taxonomy":"post_tag","embeddable":true,"href":"https:\/\/www.wggselb.de\/wp\/wp-json\/wp\/v2\/tags?post=5987"}],"curies":[{"name":"wp","href":"https:\/\/api.w.org\/{rel}","templated":true}]}}