{"id":6299,"date":"2025-06-05T10:10:37","date_gmt":"2025-06-05T08:10:37","guid":{"rendered":"https:\/\/www.wggselb.de\/wp\/?p=6299"},"modified":"2025-06-05T14:48:04","modified_gmt":"2025-06-05T12:48:04","slug":"25-jahre-staedtepartnerschaft-selb-beaucouze-das-wgg-feiert-mit","status":"publish","type":"post","link":"https:\/\/www.wggselb.de\/wp\/25-jahre-staedtepartnerschaft-selb-beaucouze-das-wgg-feiert-mit\/","title":{"rendered":"25 Jahre St\u00e4dtepartnerschaft Selb \u2013 Beaucouz\u00e9: Das WGG feiert mit!"},"content":{"rendered":"\n<p>Eine rekordverd\u00e4chtig gro\u00dfe Gruppe von Jugendlichen, begleitet von ihrer Betreuerin H\u00e9loise Winieski-Devolder von der Maison de la Jeunesse aus Beaucouz\u00e9, war Teil einer franz\u00f6sischen Gruppe, die am diesj\u00e4hrigen Besuch in Selb teilnahm. So kam ein ganzer Doppeldecker voll \u00fcber das lange Wochenende von Christi Himmelfahrt nach Selb, um in diesem Rahmen gemeinsam mit den deutschen Gastgebern das 25-j\u00e4hrige Jubil\u00e4um der St\u00e4dtepartnerschaft zwischen Selb und Beaucouz\u00e9 zu feiern.<\/p>\n\n\n\n<figure class=\"wp-block-image size-medium\"><img loading=\"lazy\" decoding=\"async\" width=\"300\" height=\"222\" src=\"https:\/\/www.wggselb.de\/wp\/wp-content\/uploads\/2025\/06\/logo-buergerfonds-300x222.png\" alt=\"\" class=\"wp-image-6301\" srcset=\"https:\/\/www.wggselb.de\/wp\/wp-content\/uploads\/2025\/06\/logo-buergerfonds-300x222.png 300w, https:\/\/www.wggselb.de\/wp\/wp-content\/uploads\/2025\/06\/logo-buergerfonds-768x569.png 768w, https:\/\/www.wggselb.de\/wp\/wp-content\/uploads\/2025\/06\/logo-buergerfonds.png 888w\" sizes=\"auto, (max-width: 300px) 100vw, 300px\" \/><\/figure>\n\n\n\n<p>Schon seit vielen Jahren ist es Usus, dass eine gro\u00dfe Zahl von Sch\u00fclerinnen und Sch\u00fclern unseres Gymnasiums die Selber Gruppe nach Frankreich begleitet. In der Regel entsendet das WGG um die 20 Teilnehmerinnen und Teilnehmern \u2013 die Fahrten finden in jedem zweiten Jahr statt, in den jeweils anderen Jahren kommen die Franzosen nach Deutschland. Doch nie zuvor war es gelungen, dass eine so gro\u00dfe Zahl, n\u00e4mlich 24 Kinder und Jugendliche aus Frankreich, mit nach Selb kommen konnten! Das war umso erfreulicher, als im aktuellen Schuljahr zum zweiten Mal kein Sch\u00fcleraustausch mit Frankreich stattfinden konnte. Der Grund: An unserer franz\u00f6sischen Partnerschule, dem Coll\u00e8ge Fran\u00e7ois Rabelais in Beaucouz\u00e9, gibt es wegen gesunkener Zahlen von Deutschlernenden keine regul\u00e4re Deutsch-Lehrkraft mehr. Die dortige Lehrkraft muss vielmehr zwischen drei Schulen im gesamten Landkreis hin- und herpendeln und ist praktisch jeden Tag woanders eingesetzt. So kann sie nat\u00fcrlich weder die enorme Arbeit schultern, die mit der Organisation eines Sch\u00fcleraustausches verbunden ist, noch wird sie von einer einzelnen Schule f\u00fcr eine solche Fahrt freigestellt, da ja sonst an den anderen beiden Schulen der Deutschunterricht entfiele.<\/p>\n\n\n\n<p>Umso erfreulicher war die Nachricht, dass dieses Mal eine so gro\u00dfe Gruppe von Jugendlichen aus Frankreich f\u00fcr die St\u00e4dtepartnerschaft akquiriert werden konnte, war das doch in einem kleineren Ma\u00df, aber immerhin eine M\u00f6glichkeit, unsere eigenen Sch\u00fclerinnen und Sch\u00fcler in Kontakt mit \u201eechten\u201c Franzosen zu bringen. Vom WGG nahmen Sch\u00fclerinnen und Sch\u00fcler quer durch die Jahrgangsstufen 6 bis 12 teil. <\/p>\n\n\n\n<p>Und so war es Ehrensache, dass versucht wurde, neben dem umfangreichen Programm, das die insgesamt fast 200 Teilnehmenden von Donnerstag (Christi Himmelfahrt) bis Samstag (Abschiedsabend) erwartete, einen eigenen Programmpunkt f\u00fcr die gut 40 jugendlichen Teilnehmer aus Selb und Beaucouz\u00e9 zu organisieren. Unter ihnen befanden sich auch die Jugendlichen, die \u2013 dank der St\u00e4dtepartnerschaft! \u2013 bereits einige Wochen und Monate an der Schule im anderen Land verbracht hatten, n\u00e4mlich L\u00e9na Berthaud, Anika Reichel und Yolan Bernugat. Dank des Einsatzes zweier Sportlehrerinnen, StDin Bettina Lohse und StRin Kathrin Resch, und unter Mithilfe der Franz\u00f6sischlehrerin StRin Lisa Benker konnte am Samstag ein tolles Sportprogramm wahrgenommen werden: Auf dem Gel\u00e4nde des Jugendheims auf dem Wartberg hatten sie sich diverse Ballspiele und kleine Wettk\u00e4mpfe einfallen lassen.<\/p>\n\n\n\n<p>Die Bewegung tat den Jugendlichen sicher gut, denn am Vortag hatten die allermeisten von ihnen am traditionellen Ganztagsausflug im Rahmen der St\u00e4dtepartnerschaft teilgenommen, der diesmal nach Plauen f\u00fchrte. Dort konnte man die Geschichte und Fabrikation der Plauener Spitze in der Fabrik der F\u00e4den nachvollziehen und im e.o.plauen-Haus nicht nur die vielleicht schon aus der Grundschule vertrauten Vater-und-Sohn-Geschichten von Erich Ohser wiedersehen, sondern auch dessen traurige Biographie \u2013 er wurde von den Nationalsozialisten verfolgt \u2013 kennenlernen. Ein Stopp auf dem R\u00fcckweg in Bad Elster wurde u.a. zu einem Gruppenfoto genutzt. Auf diesem Foto und auch w\u00e4hrend der gesamten Austauschbegegnung trugen alle rund 200 Teilnehmer gut sichtbare blaue K\u00e4ppis, mit dem Symbol der Deutsch-Franz\u00f6sischen Gesellschaft Selb e.V. (DFG) und der Zahl 25 f\u00fcr ein Vierteljahrhundert St\u00e4dtepartnerschaft. Diese chicen Kappen, gefertigt von der M\u00fctzeria in Erkersreuth, waren das Geschenk der DFG an alle Teilnehmer, als Erinnerung an diese Begegnung. Dank des tollen Programms wurde sie finanziell vom Deutsch-Franz\u00f6sischen B\u00fcrgerfonds gef\u00f6rdert.<\/p>\n\n\n\n<p>Denn auch an den anderen Tagen konnte keine Langeweile aufkommen; ein H\u00f6hepunkt jagte den anderen: Nach dem Empfang im Rosenthaltheater durch die Vorstandschaft der DFG und den Oberb\u00fcrgermeister von Selb, Ulrich P\u00f6tzsch, stand am Nachmittag des Vatertags eine Wanderung auf den Waldstein auf dem Programm. Oben angekommen, wurden die Teilnehmenden von der Folkloregruppe Tradimusanse zu leicht erlernbaren Gruppent\u00e4nzen animiert. Tradimusanse spielte auch eine Hauptrolle auf dem Selber B\u00fcrgerfest, das zum ersten Mal im Rosenthalpark stattfand und wo Deutsche und Franzosen die gesamte Bev\u00f6lkerung einluden, mit ihnen die 25 Jahre St\u00e4dtepartnerschaft zu feiern: Neben der Aufforderung, das Bein zu einem der Folkloret\u00e4nze zu schwingen, gab es das Angebot, eine Partie P\u00e9tanque zu spielen, am Stand der K\u00fcnstlerin LiBo aus Beaucouz\u00e9 aus Muscheln, Austernschalen und anderem Strandgut ein Kunstwerk im Sand zu formen oder einfach eine frisch zubereitete Cr\u00eape zu kosten. Der Zuspruch war enorm, alle Generationen waren dabei.<\/p>\n\n\n\n<p>Ganz besonders viel Spa\u00df hatten unsere Sch\u00fclerinnen und Sch\u00fcler offensichtlich auch am Abschiedsabend, der in geb\u00fchrend feierlichem Rahmen im Vorium in der Netzsch-Arena begangen wurde. Denn genau in dieser Nacht gewann Paris St-Germain die Champions League, was insbesondere die jungen Fans live am Bildschirm verfolgten und entsprechend feierten. Ihre spontane Einlage als \u201edeutsch-franz\u00f6sischer Jugendchor\u201c mit dem Uralt-Hit \u201eAux Champs-\u00c9lys\u00e9es\u201c, den viele unserer Sch\u00fcler schon aus dem Franz\u00f6sischunterricht kannten, gefiel dem gesamten Festpublikum nat\u00fcrlich ganz besonders.<\/p>\n\n\n\n<p>Um Mitternacht war der Austausch zu Ende; die franz\u00f6sischen G\u00e4ste bestiegen wieder ihren Bus, um am Sonntagnachmittag in Frankreich anzukommen. N\u00e4chstes Jahr haben alle interessierten Deutschen die Gelegenheit, \u00fcber Christi Himmelfahrt nach Beaucouz\u00e9 zu fahren, und wir hoffen auf eine erneut gro\u00dfe Gruppe vom WGG. Dann wird es wieder hei\u00dfen: Es lebe die St\u00e4dtepartnerschaft, es lebe die deutsch-franz\u00f6sische Freundschaft!<\/p>\n\n\n\n<p class=\"has-text-align-right\"><em>StDin Dr. Christine Wlasak-Feik<\/em><\/p>\n","protected":false},"excerpt":{"rendered":"<p>Eine rekordverd\u00e4chtig gro\u00dfe Gruppe von Jugendlichen, begleitet von ihrer Betreuerin H\u00e9loise Winieski-Devolder von der Maison de la Jeunesse aus Beaucouz\u00e9, war Teil einer franz\u00f6sischen Gruppe, &hellip; <\/p>\n","protected":false},"author":3,"featured_media":6302,"comment_status":"closed","ping_status":"closed","sticky":false,"template":"","format":"standard","meta":{"footnotes":""},"categories":[64,1],"tags":[],"class_list":["post-6299","post","type-post","status-publish","format-standard","has-post-thumbnail","hentry","category-franzoesisch","category-news"],"_links":{"self":[{"href":"https:\/\/www.wggselb.de\/wp\/wp-json\/wp\/v2\/posts\/6299","targetHints":{"allow":["GET"]}}],"collection":[{"href":"https:\/\/www.wggselb.de\/wp\/wp-json\/wp\/v2\/posts"}],"about":[{"href":"https:\/\/www.wggselb.de\/wp\/wp-json\/wp\/v2\/types\/post"}],"author":[{"embeddable":true,"href":"https:\/\/www.wggselb.de\/wp\/wp-json\/wp\/v2\/users\/3"}],"replies":[{"embeddable":true,"href":"https:\/\/www.wggselb.de\/wp\/wp-json\/wp\/v2\/comments?post=6299"}],"version-history":[{"count":4,"href":"https:\/\/www.wggselb.de\/wp\/wp-json\/wp\/v2\/posts\/6299\/revisions"}],"predecessor-version":[{"id":6312,"href":"https:\/\/www.wggselb.de\/wp\/wp-json\/wp\/v2\/posts\/6299\/revisions\/6312"}],"wp:featuredmedia":[{"embeddable":true,"href":"https:\/\/www.wggselb.de\/wp\/wp-json\/wp\/v2\/media\/6302"}],"wp:attachment":[{"href":"https:\/\/www.wggselb.de\/wp\/wp-json\/wp\/v2\/media?parent=6299"}],"wp:term":[{"taxonomy":"category","embeddable":true,"href":"https:\/\/www.wggselb.de\/wp\/wp-json\/wp\/v2\/categories?post=6299"},{"taxonomy":"post_tag","embeddable":true,"href":"https:\/\/www.wggselb.de\/wp\/wp-json\/wp\/v2\/tags?post=6299"}],"curies":[{"name":"wp","href":"https:\/\/api.w.org\/{rel}","templated":true}]}}