{"id":7030,"date":"2026-05-13T12:22:23","date_gmt":"2026-05-13T10:22:23","guid":{"rendered":"https:\/\/www.wggselb.de\/wp\/?p=7030"},"modified":"2026-05-13T12:22:23","modified_gmt":"2026-05-13T10:22:23","slug":"besuch-der-selber-tafel","status":"publish","type":"post","link":"https:\/\/www.wggselb.de\/wp\/besuch-der-selber-tafel\/","title":{"rendered":"Besuch der Selber Tafel"},"content":{"rendered":"\n<p>Der Ethikkurs der 6. Jahrgangsstufe besuchte am Donnerstag, dem 7. Mai 2026, die zu Fu\u00df knapp 25 min entfernte Tafel in Selb. Von ihrem Leiter Peter Enzi erfuhren die 15 Sch\u00fclerinnen und Sch\u00fcler, wie die Tafel organisiert ist: von der Registrierung der bezugsberechtigten Kundinnen und Kunden \u00fcber die Abholung sowie die unter strengen hygienischen Vorgaben erfolgende Sortierung und Lagerung der Lebensmittel bis hin zur Ausgabe zu festen \u00d6ffnungszeiten. Tr\u00e4ger der Selber Tafel ist der Malteser Hilfsdienst e. V., der 1953 gegr\u00fcndet wurde und dessen Wurzeln zum Erstaunen der Sch\u00fclerinnen und Sch\u00fcler bis auf eine Ordensgr\u00fcndung im 11. Jahrhundert zur\u00fcckgehen.<\/p>\n\n\n\n<p>Sp\u00e4testens seit der Corona-Pandemie l\u00e4uft die Ausgabe bei der Selber Tafel besonders strukturiert ab: Die Kundinnen und Kunden warten vor der Tafel, bis ein Einkaufswagen frei wird, und durchlaufen anschlie\u00dfend verschiedene Bereiche wie die Frischwarenabteilung und die Stationen f\u00fcr k\u00fchlpflichtige Lebensmittel und Backwaren. Die Reihenfolge wechselt dabei w\u00f6chentlich mithilfe eines Farbsystems, sodass jede Familie einmal fr\u00fcher und einmal sp\u00e4ter an die Reihe kommt. Diese \u00fcber die Jahre entwickelte Organisation zeigt das sichtbare Bem\u00fchen um Fairness.<\/p>\n\n\n\n<p>Dar\u00fcber hinaus bietet der Standort in Selb weitere Unterst\u00fctzungsangebote: Neben der Lebensmittelausgabe gibt es auch eine Kleiderkammer sowie eine M\u00f6belvermittlung, wodurch Menschen in schwierigen Lebenssituationen noch umfassender unterst\u00fctzt werden.<\/p>\n\n\n\n<p>Die Sch\u00fclerinnen und Sch\u00fcler h\u00f6rten aufmerksam zu und nutzten immer wieder die Gelegenheit, Fragen zu stellen \u2013 darunter auch kritische. So wurde etwa gefragt, wie \u00fcberpr\u00fcft werde, ob Menschen tats\u00e4chlich auf Unterst\u00fctzung angewiesen seien und ob das System missbraucht werden k\u00f6nne. Diese Frage steht in direkter Verbindung zu Themen des Ethikunterrichts wie Gerechtigkeit und Sozialstaatlichkeit. Herr Enzi erkl\u00e4rte, dass bestimmte Nachweise erforderlich seien, um Leistungen der Tafel beziehen zu k\u00f6nnen.<\/p>\n\n\n\n<p>Ebenso eng mit dem Fach Ethik verkn\u00fcpft ist die Frage nach ehrenamtlichem Engagement: Rund 80 freiwillige Helferinnen und Helfer engagieren sich inzwischen bei der Selber Tafel und ihren Ausgabestellen. Sie holen Lebensmittel ab, sortieren Waren, organisieren die Ausgabe oder \u00fcbernehmen Lieferdienste. Damit wird die Tafel zu einem konkreten Beispiel f\u00fcr gelebte N\u00e4chstenliebe und die im Ethikunterricht zentrale Frage nach verantwortlichem Handeln in der Gesellschaft. Es braucht vor allem eine Vision einer sozialen Gesellschaft und viel Engagement, um einem ehemaligen Supermarkt in einen Ort der Unterst\u00fctzung und Begegnung zu verwandeln, damit auch weniger privilegierte Mitglieder der Gesellschaft an der Tafel Platz nehmen k\u00f6nnen.<\/p>\n\n\n\n<p>F\u00fcr die Kinder war der Besuch ein erkenntnisreicher Ausflug, der ihnen ein anschauliches Beispiel gelebter N\u00e4chstenliebe vor Augen f\u00fchrte. Besonderer Dank gilt Herrn Enzi f\u00fcr seinen unerm\u00fcdlichen Einsatz bei der Selber Tafel und den Denkraum, den er durch diesen Besuch f\u00fcr unsere jungen Gesellschaftsmitglieder er\u00f6ffnet hat.<\/p>\n\n\n\n<p class=\"has-text-align-right\"><em>Jolien Schrader<\/em><\/p>\n","protected":false},"excerpt":{"rendered":"<p>Der Ethikkurs der 6. Jahrgangsstufe besuchte am Donnerstag, dem 7. Mai 2026, die zu Fu\u00df knapp 25 min entfernte Tafel in Selb. Von ihrem Leiter &hellip; <\/p>\n","protected":false},"author":3,"featured_media":7029,"comment_status":"closed","ping_status":"closed","sticky":false,"template":"","format":"standard","meta":{"footnotes":""},"categories":[197,1],"tags":[],"class_list":["post-7030","post","type-post","status-publish","format-standard","has-post-thumbnail","hentry","category-ethik","category-news"],"_links":{"self":[{"href":"https:\/\/www.wggselb.de\/wp\/wp-json\/wp\/v2\/posts\/7030","targetHints":{"allow":["GET"]}}],"collection":[{"href":"https:\/\/www.wggselb.de\/wp\/wp-json\/wp\/v2\/posts"}],"about":[{"href":"https:\/\/www.wggselb.de\/wp\/wp-json\/wp\/v2\/types\/post"}],"author":[{"embeddable":true,"href":"https:\/\/www.wggselb.de\/wp\/wp-json\/wp\/v2\/users\/3"}],"replies":[{"embeddable":true,"href":"https:\/\/www.wggselb.de\/wp\/wp-json\/wp\/v2\/comments?post=7030"}],"version-history":[{"count":2,"href":"https:\/\/www.wggselb.de\/wp\/wp-json\/wp\/v2\/posts\/7030\/revisions"}],"predecessor-version":[{"id":7032,"href":"https:\/\/www.wggselb.de\/wp\/wp-json\/wp\/v2\/posts\/7030\/revisions\/7032"}],"wp:featuredmedia":[{"embeddable":true,"href":"https:\/\/www.wggselb.de\/wp\/wp-json\/wp\/v2\/media\/7029"}],"wp:attachment":[{"href":"https:\/\/www.wggselb.de\/wp\/wp-json\/wp\/v2\/media?parent=7030"}],"wp:term":[{"taxonomy":"category","embeddable":true,"href":"https:\/\/www.wggselb.de\/wp\/wp-json\/wp\/v2\/categories?post=7030"},{"taxonomy":"post_tag","embeddable":true,"href":"https:\/\/www.wggselb.de\/wp\/wp-json\/wp\/v2\/tags?post=7030"}],"curies":[{"name":"wp","href":"https:\/\/api.w.org\/{rel}","templated":true}]}}