{"id":7062,"date":"2026-06-12T08:41:53","date_gmt":"2026-06-12T06:41:53","guid":{"rendered":"https:\/\/www.wggselb.de\/wp\/?p=7062"},"modified":"2026-06-12T14:04:38","modified_gmt":"2026-06-12T12:04:38","slug":"25-jahre-staedtepartnerschaft-selb-beaucouze","status":"publish","type":"post","link":"https:\/\/www.wggselb.de\/wp\/25-jahre-staedtepartnerschaft-selb-beaucouze\/","title":{"rendered":"25 Jahre St\u00e4dtepartnerschaft Selb-Beaucouz\u00e9"},"content":{"rendered":"\n<p>Herzhaftes Lachen, freundschaftliche Umarmungen, Gespr\u00e4che auf Deutsch, Franz\u00f6sisch, Englisch, in Kauderwelsch oder mit H\u00e4nden und F\u00fc\u00dfen, Tanzen zu Partymusik, Festumzug mit Marschmusik, Besichtigungen und Tourismus, Festreden, Spieleabend, Sport\u2026. wann gibt es das alles zuhauf? Wenn sich sage und schreibe 130 Selberinnen und Selber, darunter 53 Kinder und Jugendliche, mit zwei Reisebussen und zahlreichen Privatautos f\u00fcr f\u00fcnf Tage \u00fcber Christi Himmelfahrt auf den Weg in die franz\u00f6sische Partnerstadt machen, dann ahnt man: Der Grund f\u00fcr ein derartig gro\u00dfes Aufgebot muss ein besonderer sein! Anlass f\u00fcr ein fulminantes Programm waren die Feierlichkeiten zu 25 Jahren St\u00e4dtepartnerschaft zwischen Selb und Beaucouz\u00e9. Mehr Menschen denn je wurden in die Begegnung einbezogen: Zusammen mit den beiden federf\u00fchrenden Organisatoren, der Stadt Beaucouz\u00e9 und dem dortigen Partnerschaftskomitee, hatten das Jugend- und Gemeinschaftshaus, das Festkomitee sowie mehrere Sportvereine vielf\u00e4ltige und umfangreiche Aktivit\u00e4ten auf die Beine gestellt, zu denen teilweise sogar die gesamte Bev\u00f6lkerung von Beaucouz\u00e9 mit eingeladen war. Auf Wunsch von franz\u00f6sischer Seite umrahmte der Selber Spielmanns- und Fanfarenzug die offiziellen Teile feierlich: Bei zwei Standkonzerten und einem kleinen Festumzug durchs Zentrum von Beaucouz\u00e9 spielten die Musikanten die typische Marschmusik, die man in Selb vor allem mit dem Wiesenfest in Verbindung bringt. Ebenfalls mit von der Partie waren die Rockapittis, eine vierk\u00f6pfige Coverband, die der Einladung der Deutsch-Franz\u00f6sischen Gesellschaft (DFG) Selb gefolgt war, in Beaucouz\u00e9 mehrfach f\u00fcr Partystimmung sorgte und viel Begeisterung erntete. In beiden Musikensembles, vor allem aber im zweiten Bus, einem voll besetzten Doppeldecker, waren insgesamt 42 Sch\u00fclerinnen und Sch\u00fcler des Walter-Gropius-Gymnasiums dabei \u2013 eine absolute Rekordzahl. Dieses gro\u00dfe Interesse von Jugendlichen lie\u00df alle Verantwortlichen strahlen: Die Zukunft der St\u00e4dtepartnerschaft, der deutsch-franz\u00f6sischen Freundschaft auf lokaler Ebene, scheint gesichert!<\/p>\n\n\n\n<p>Oberb\u00fcrgermeister Ulrich P\u00f6tzsch sowie zwei weitere Vertreter des Stadtrates, Klaus von Stetten und Walter Wejmelka, bildeten die offizielle Delegation aus Selb. Gleich zwei Festakte standen auf dem Programm: Zum einen wurde eine frisch gepflanzte Linde im Stadtpark von Beaucouz\u00e9 zum Baum der Freundschaft geweiht. Eine Gedenktafel erinnert dort von nun an an die 25 Jahre St\u00e4dtepartnerschaft. Zum anderen wurde der Abschiedsabend mit einem Reigen von Reden er\u00f6ffnet, bei dem die Bedeutung einer solchen St\u00e4dtepartnerschaft f\u00fcr den Frieden und die Freundschaft in Europa von allen Rednern hervorgehoben wurde. Als Urgestein der St\u00e4dtepartnerschaft hielt die fr\u00fchere B\u00fcrgermeisterin von Beaucouz\u00e9, Anne Cordier, eine sehr bewegende Rede, in die sie an die Anf\u00e4nge erinnerte und sich pers\u00f6nlich bei Thomas Storch, dem fr\u00fcheren Vorsitzenden der DFG Selb, f\u00fcr seine Initiative zur Anbahnung erster Kontakte Anfang der 1990er Jahre bedankte. Beide Oberb\u00fcrgermeister, Ulrich P\u00f6tzsch sowie der neu gew\u00e4hlte Marc Pierrot, unterstrichen die Bedeutung der St\u00e4dtepartnerschaft f\u00fcr Selb und Beaucouz\u00e9 und sicherten ihr auch f\u00fcr die Zukunft ihre volle Unterst\u00fctzung zu. Die Vorsitzenden der Vereine auf beiden Seiten, die sich um die Organisation und Durchf\u00fchrung der jeweiligen Besuche k\u00fcmmern, bedankten sich bei den vielen Helfenden und zahlreichen Ehrenamtlichen: F\u00fcr die Franzosen sprachen Sylvie Gaborieau, die langj\u00e4hrige Vorsitzende des Partnerschaftskomitees, und Maryvonne Kerisit, an die sie vor kurzem den Stab \u00fcbergeben hat. Christine Wlasak-Feik, Vorsitzende der DFG Selb, richtete ihren Dank auch ganz speziell an all die 50 Gastfamilien, darunter viele neu hinzugekommene, die es erm\u00f6glichten, dass eine so gro\u00dfe Anzahl von Deutschen ein paar Tage in die franz\u00f6sische Lebensart hineinschnuppern konnte. Denn das ist das Besondere an der St\u00e4dtepartnerschaft zwischen Selb und Beaucouz\u00e9: Die Unterbringung erfolgt immer direkt in Familien, was schon viele langj\u00e4hrige Freundschaften entstehen lie\u00df. Der Kreis erweitert sich st\u00e4ndig; es gibt inzwischen ein richtiggehendes Netz, die Atmosph\u00e4re der Begegnungen ist herzlich, famili\u00e4r und locker.<\/p>\n\n\n\n<p>Neben all den hochoffiziellen Festakten gab es wie immer auch ein reichhaltiges Freizeit- und Besichtigungsprogramm. Besonders gut kam dabei der Tagesausflug in die Loire-Gegend bei Saumur an. Man besuchte Europas gr\u00f6\u00dfte Klosteranlage, die Abtei Fontevraud. Dieser beeindruckende Geb\u00e4udekomplex, gegr\u00fcndet um 1100, war ein damals unerh\u00f6rtes Doppelkloster von M\u00e4nnern und Frauen unter der Leitung einer \u00c4btissin und wurde zur Grablege des Geschlechts der Plantagenets. In der vorwiegend romanischen Klosterkirche beeindrucken die Grabm\u00e4ler von Heinrich II. von England, Richard L\u00f6wenherz, Isabella von Angoul\u00eame und Eleonore von Aquitanien, eine der einflussreichsten und schillerndsten Figuren des Mittelalters. Nach der Franz\u00f6sischen Revolution bis in die 1960er Jahre wurde der Ort zu einem der h\u00e4rtesten Gef\u00e4ngnisse Frankreichs; heute ist er UNESCO-Weltkulturerbe. Nach einem Picknick im Klosterpark ging es weiter zu einem der f\u00fcr diese Gegend typischen Troglodytend\u00f6rfer. Dies sind D\u00f6rfer, die aus den H\u00f6hlen entstanden sind, die in den Tuffstein gehauen wurden, um Baumaterial f\u00fcr die Loire-Schl\u00f6sser zu gewinnen. Heute sind die H\u00f6hlen bewohnt oder in Gastwirtschaften und Gesch\u00e4fte umgewandelt und laden zu einem Bummel ein.<\/p>\n\n\n\n<p>Neben diesem beeindruckenden Ausflug, dessen Heimfahrt durch das wundersch\u00f6ne, malerische Loire-Tal f\u00fchrte, wurden f\u00fcr die teilnehmenden Jugendlichen einige Extra-Aktivit\u00e4ten geboten, n\u00e4mlich ein Spieleabend sowie ein generations\u00fcbergreifender Brunch im Jugendhaus Domino. Diese Veranstaltungen kamen sehr gut an. Alle Teilnehmenden, Jung und Alt, waren am Samstagnachmittag zu Schnuppertrainings eingeladen. Auf dem riesigen Sportgel\u00e4nde von Beaucouz\u00e9 konnte man sich im Judo, Tischtennis, beim Billard oder \u2013 typisch franz\u00f6sisch \u2013 beim P\u00e9tanque ausprobieren. Auf diesem Gel\u00e4nde gibt es seit kurzem auch ein extra zum Anlass des St\u00e4dtepartnerschaftsjubil\u00e4ums angebrachtes Wandgem\u00e4lde des lokalen Street-Artisten BoteroPoP zu bewundern: Es zeigt in Anspielung an Caspar David Friedrichs \u201eWanderer \u00fcber dem Nebelmeer\u201c eines der typischen Strichm\u00e4nnchen des K\u00fcnstlers unter einem Regenbogen und hat die Namen der beiden St\u00e4dte zum herrlichen Kofferwort \u201eBeaucouselb\u201c verschmolzen.<\/p>\n\n\n\n<p>Besonders gro\u00df war die Freude, als am Abschlussabend verk\u00fcndet werden konnte, dass neben dem Gegenbesuch der Franzosen in Selb, der wie jedes ungerade Jahr \u00fcber Christi Himmelfahrt erwartet wird, auch der seit ein paar Jahren ausgesetzte Sch\u00fcleraustausch wieder aufgenommen werden wird: Der Personalmangel am Coll\u00e8ge Rabelais hat ein Ende; die dortige neue Deutschlehrerin wird zudem ein zweites Coll\u00e8ge in den Austausch mit einbeziehen, sodass bereits f\u00fcr das Schuljahr 2026\/27 wieder eine Begegnung mit dem Walter-Gropius-Gymnasium und der Realschule Selb organisiert werden kann. Eine lebendige, zukunftstr\u00e4chtige Partnerschaft auf allen Ebenen und \u00fcber Landesgrenzen hinweg \u2013 heute wichtiger denn je!<\/p>\n\n\n\n<p class=\"has-text-align-right\"><em>Dr. Christine Wlasak-Feik<\/em><\/p>\n\n\n\n<p><\/p>\n","protected":false},"excerpt":{"rendered":"<p>Herzhaftes Lachen, freundschaftliche Umarmungen, Gespr\u00e4che auf Deutsch, Franz\u00f6sisch, Englisch, in Kauderwelsch oder mit H\u00e4nden und F\u00fc\u00dfen, Tanzen zu Partymusik, Festumzug mit Marschmusik, Besichtigungen und Tourismus, &hellip; <\/p>\n","protected":false},"author":3,"featured_media":7068,"comment_status":"closed","ping_status":"closed","sticky":false,"template":"","format":"standard","meta":{"footnotes":""},"categories":[64,1],"tags":[],"class_list":["post-7062","post","type-post","status-publish","format-standard","has-post-thumbnail","hentry","category-franzoesisch","category-news"],"_links":{"self":[{"href":"https:\/\/www.wggselb.de\/wp\/wp-json\/wp\/v2\/posts\/7062","targetHints":{"allow":["GET"]}}],"collection":[{"href":"https:\/\/www.wggselb.de\/wp\/wp-json\/wp\/v2\/posts"}],"about":[{"href":"https:\/\/www.wggselb.de\/wp\/wp-json\/wp\/v2\/types\/post"}],"author":[{"embeddable":true,"href":"https:\/\/www.wggselb.de\/wp\/wp-json\/wp\/v2\/users\/3"}],"replies":[{"embeddable":true,"href":"https:\/\/www.wggselb.de\/wp\/wp-json\/wp\/v2\/comments?post=7062"}],"version-history":[{"count":2,"href":"https:\/\/www.wggselb.de\/wp\/wp-json\/wp\/v2\/posts\/7062\/revisions"}],"predecessor-version":[{"id":7069,"href":"https:\/\/www.wggselb.de\/wp\/wp-json\/wp\/v2\/posts\/7062\/revisions\/7069"}],"wp:featuredmedia":[{"embeddable":true,"href":"https:\/\/www.wggselb.de\/wp\/wp-json\/wp\/v2\/media\/7068"}],"wp:attachment":[{"href":"https:\/\/www.wggselb.de\/wp\/wp-json\/wp\/v2\/media?parent=7062"}],"wp:term":[{"taxonomy":"category","embeddable":true,"href":"https:\/\/www.wggselb.de\/wp\/wp-json\/wp\/v2\/categories?post=7062"},{"taxonomy":"post_tag","embeddable":true,"href":"https:\/\/www.wggselb.de\/wp\/wp-json\/wp\/v2\/tags?post=7062"}],"curies":[{"name":"wp","href":"https:\/\/api.w.org\/{rel}","templated":true}]}}